{"id":85945,"date":"2017-11-23T20:10:57","date_gmt":"2017-11-23T22:10:57","guid":{"rendered":"http:\/\/diarioregionaljf.com.br\/2017\/11\/23\/itaipu-comemora-marca-de-2-5-bilhoes-de-mwh-de-energia-limpa-e-renovavel\/"},"modified":"2017-11-23T20:10:57","modified_gmt":"2017-11-23T22:10:57","slug":"itaipu-comemora-marca-de-2-5-bilhoes-de-mwh-de-energia-limpa-e-renovavel","status":"publish","type":"post","link":"https:\/\/diarioregionaldigital.com.br\/?p=85945","title":{"rendered":"Itaipu comemora marca de 2,5 bilh\u00f5es de MWh de energia limpa e renov\u00e1vel"},"content":{"rendered":"<p>O diretor-geral brasileiro da Usina Hidrel\u00e9trica de Itaipu, Luiz Fernando Leone Vianna, anunciou que a empresa chegou \u00e0 marca hist\u00f3rica de 2,5 bilh\u00f5es de megawatts-hora (MWh) de energia limpa e renov\u00e1vel. Segundo ele, o volume representa quase 1 bilh\u00e3o de MWh a mais do que a segunda colocada em produ\u00e7\u00e3o acumulada no mundo, a Usina de Guri, na Venezuela, com aproximadamente 1,5 bilh\u00e3o de MWh.<\/p>\n<p>A hidrel\u00e9trica venezuelana come\u00e7ou a operar em 1978, enquanto a usina brasileiro-paraguaia, em maio de 1984.<\/p>\n<p>O recorde dos 2,5 bilh\u00f5es de MWh foi alcan\u00e7ado nessa ter\u00e7a-feira, 21, \u00e0s 0h24 (hor\u00e1rio brasileiro de ver\u00e3o). Para celebrar a nova conquista, uma solenidade reuniu, al\u00e9m do diretor brasileiro, o diretor-geral paraguaio de Itaipu, James Spalding, representantes da diretoria e do conselho, empregados da usina e ministros de Energia de pa\u00edses de l\u00edngua portuguesa, que estavam em Itaipu para um encontro da Comunidade de L\u00edngua Portuguesa.<\/p>\n<p><strong>Petr\u00f3leo<\/strong><\/p>\n<p>Com esse novo marco, Itaipu reafirma seu papel estrat\u00e9gico para o Brasil e Paraguai. Atualmente, a binacional responde por 17% do consumo brasileiro e 90% do mercado paraguaio.<\/p>\n<p>De acordo com Luiz Fernando Vianna, a energia limpa gerada por Itaipu em quase 34 anos evitou a emiss\u00e3o de dois bilh\u00f5es de toneladas de CO2 na atmosfera. \u201cSe toda a energia de Itaipu tivesse sido gerada por combust\u00edvel f\u00f3ssil, como o petr\u00f3leo, teriam sido consumidos cinco bilh\u00f5es de barris, o equivalente a dois meses da produ\u00e7\u00e3o mundial petrol\u00edfera\u201d, afirmou o diretor.<\/p>\n<p>\u201cO que diferencia Itaipu, al\u00e9m da uni\u00e3o dos dois pa\u00edses, considerada exemplo pela Organiza\u00e7\u00e3o das Na\u00e7\u00f5es Unidas (ONU), \u00e9 a excel\u00eancia de todo o seu pessoal\u201d, acrescentou Vianna.<\/p>\n<hr \/>\n<p>&nbsp;Fonte: Ag\u00eancia Brasil<\/p>\n","protected":false},"excerpt":{"rendered":"<p>O diretor-geral brasileiro da Usina Hidrel\u00e9trica de Itaipu, Luiz Fernando Leone Vianna, anunciou que a empresa chegou \u00e0 marca hist\u00f3rica de 2,5 bilh\u00f5es de megawatts-hora (MWh) de energia limpa e renov\u00e1vel. Segundo ele, o volume representa quase 1 bilh\u00e3o de MWh a mais do que a segunda colocada em produ\u00e7\u00e3o acumulada no mundo, a Usina [&hellip;]<\/p>\n","protected":false},"author":96,"featured_media":85944,"comment_status":"closed","ping_status":"closed","sticky":false,"template":"","format":"standard","meta":{"footnotes":""},"categories":[261],"tags":[],"class_list":["post-85945","post","type-post","status-publish","format-standard","has-post-thumbnail","hentry","category-economia"],"_links":{"self":[{"href":"https:\/\/diarioregionaldigital.com.br\/index.php?rest_route=\/wp\/v2\/posts\/85945","targetHints":{"allow":["GET"]}}],"collection":[{"href":"https:\/\/diarioregionaldigital.com.br\/index.php?rest_route=\/wp\/v2\/posts"}],"about":[{"href":"https:\/\/diarioregionaldigital.com.br\/index.php?rest_route=\/wp\/v2\/types\/post"}],"author":[{"embeddable":true,"href":"https:\/\/diarioregionaldigital.com.br\/index.php?rest_route=\/wp\/v2\/users\/96"}],"replies":[{"embeddable":true,"href":"https:\/\/diarioregionaldigital.com.br\/index.php?rest_route=%2Fwp%2Fv2%2Fcomments&post=85945"}],"version-history":[{"count":0,"href":"https:\/\/diarioregionaldigital.com.br\/index.php?rest_route=\/wp\/v2\/posts\/85945\/revisions"}],"wp:featuredmedia":[{"embeddable":true,"href":"https:\/\/diarioregionaldigital.com.br\/index.php?rest_route=\/wp\/v2\/media\/85944"}],"wp:attachment":[{"href":"https:\/\/diarioregionaldigital.com.br\/index.php?rest_route=%2Fwp%2Fv2%2Fmedia&parent=85945"}],"wp:term":[{"taxonomy":"category","embeddable":true,"href":"https:\/\/diarioregionaldigital.com.br\/index.php?rest_route=%2Fwp%2Fv2%2Fcategories&post=85945"},{"taxonomy":"post_tag","embeddable":true,"href":"https:\/\/diarioregionaldigital.com.br\/index.php?rest_route=%2Fwp%2Fv2%2Ftags&post=85945"}],"curies":[{"name":"wp","href":"https:\/\/api.w.org\/{rel}","templated":true}]}}