{"id":85941,"date":"2017-11-23T20:02:34","date_gmt":"2017-11-23T22:02:34","guid":{"rendered":"http:\/\/diarioregionaljf.com.br\/2017\/11\/23\/pjf-sanciona-lei-que-regulamenta-limpeza-na-area-externa-de-casas-noturnas\/"},"modified":"2017-11-23T20:02:34","modified_gmt":"2017-11-23T22:02:34","slug":"pjf-sanciona-lei-que-regulamenta-limpeza-na-area-externa-de-casas-noturnas","status":"publish","type":"post","link":"https:\/\/diarioregionaldigital.com.br\/?p=85941","title":{"rendered":"PJF sanciona lei que regulamenta limpeza na \u00e1rea externa de casas noturnas"},"content":{"rendered":"<p>A Prefeitura de Juiz de Fora (PJF) sancionou nessa quarta-feira, 22, lei proposta pela vereadora Ana Rossignoli (Ana do Padre Federico \u2013 PMDB), que disp\u00f5e sobre a limpeza da \u00e1rea externas das casas noturnas do munic\u00edpio. O texto foi publicado no Di\u00e1rio Oficial do Munic\u00edpio dessa quinta-feira, 23, e entrou em vigor no mesmo dia.<\/p>\n<p>\u201cNormalmente, os estabelecimentos que n\u00e3o s\u00e3o inclusos no C\u00f3digo de Posturas do Munic\u00edpio s\u00e3o aqueles que realizam festas de anivers\u00e1rio e casamento. As casas noturnas grandes da cidade pagam o Demlurb [Departamento Municipal de Limpeza Urbana] para a realiza\u00e7\u00e3o da limpeza, mas estas que promovem eventos tempor\u00e1rios n\u00e3o e os vizinhos sofrem as conseq\u00fc\u00eancias no outro dia. Portanto, mediante diversas reclama\u00e7\u00f5es, protocolei esse projeto de lei\u201d, esclareceu Ana.<\/p>\n<p>De acordo com a parlamentar, as casas noturnas ter\u00e3o duas op\u00e7\u00f5es para realizar o pagamento de taxa para que o Demlurb fa\u00e7a a limpeza e o recolhimento do lixo. Conforme a lei, para os fins de responsabiliza\u00e7\u00e3o, independentemente de quem promova o evento no ambiente da casa noturna ou similar, ser\u00e1 respons\u00e1vel aquele constante do Alvar\u00e1 de Funcionamento.<\/p>\n<p>\u201c\u00c9 muito dif\u00edcil que eles fa\u00e7am, pois os eventos acabam tarde e os organizadores est\u00e3o cansados devido o trabalho, ent\u00e3o, eles n\u00e3o v\u00e3o proceder \u00e0 limpeza. \u00c9 prefer\u00edvel que encarreguem o Demlurb da mesma\u201d, ponderou.<\/p>\n<p>A fiscaliza\u00e7\u00e3o ficar\u00e1 a cargo da Secretaria de Atividades Urbanas (SAU). \u201cAp\u00f3s a fiscaliza\u00e7\u00e3o, ser\u00e1 encaminhado ao Demlurb onde precisa ser limpo e tamb\u00e9m \u00e9 feito a cobran\u00e7a da casa que promoveu o evento\u201d, disse a vereadora.<\/p>\n<p>Para aqueles que n\u00e3o obedecerem \u00e0 regulamenta\u00e7\u00e3o, a legisla\u00e7\u00e3o prev\u00ea a multa de R$200 na primeira infra\u00e7\u00e3o e, nos casos de reincid\u00eancias, o valor cobrado ser\u00e1 calculado em dobro. \u201cN\u00f3s pagamos para manter limpo, n\u00e3o podemos deixar que esses estabelecimentos promovam o evento e deixem a rua suja. \u00c9 necess\u00e1rio que eles tenham a responsabilidade de manter limpo tamb\u00e9m\u201d, finalizou Ana.<\/p>\n","protected":false},"excerpt":{"rendered":"<p>A Prefeitura de Juiz de Fora (PJF) sancionou nessa quarta-feira, 22, lei proposta pela vereadora Ana Rossignoli (Ana do Padre Federico \u2013 PMDB), que disp\u00f5e sobre a limpeza da \u00e1rea externas das casas noturnas do munic\u00edpio. O texto foi publicado no Di\u00e1rio Oficial do Munic\u00edpio dessa quinta-feira, 23, e entrou em vigor no mesmo dia. [&hellip;]<\/p>\n","protected":false},"author":96,"featured_media":85940,"comment_status":"closed","ping_status":"closed","sticky":false,"template":"","format":"standard","meta":{"footnotes":""},"categories":[253],"tags":[],"class_list":["post-85941","post","type-post","status-publish","format-standard","has-post-thumbnail","hentry","category-cidade"],"_links":{"self":[{"href":"https:\/\/diarioregionaldigital.com.br\/index.php?rest_route=\/wp\/v2\/posts\/85941","targetHints":{"allow":["GET"]}}],"collection":[{"href":"https:\/\/diarioregionaldigital.com.br\/index.php?rest_route=\/wp\/v2\/posts"}],"about":[{"href":"https:\/\/diarioregionaldigital.com.br\/index.php?rest_route=\/wp\/v2\/types\/post"}],"author":[{"embeddable":true,"href":"https:\/\/diarioregionaldigital.com.br\/index.php?rest_route=\/wp\/v2\/users\/96"}],"replies":[{"embeddable":true,"href":"https:\/\/diarioregionaldigital.com.br\/index.php?rest_route=%2Fwp%2Fv2%2Fcomments&post=85941"}],"version-history":[{"count":0,"href":"https:\/\/diarioregionaldigital.com.br\/index.php?rest_route=\/wp\/v2\/posts\/85941\/revisions"}],"wp:featuredmedia":[{"embeddable":true,"href":"https:\/\/diarioregionaldigital.com.br\/index.php?rest_route=\/wp\/v2\/media\/85940"}],"wp:attachment":[{"href":"https:\/\/diarioregionaldigital.com.br\/index.php?rest_route=%2Fwp%2Fv2%2Fmedia&parent=85941"}],"wp:term":[{"taxonomy":"category","embeddable":true,"href":"https:\/\/diarioregionaldigital.com.br\/index.php?rest_route=%2Fwp%2Fv2%2Fcategories&post=85941"},{"taxonomy":"post_tag","embeddable":true,"href":"https:\/\/diarioregionaldigital.com.br\/index.php?rest_route=%2Fwp%2Fv2%2Ftags&post=85941"}],"curies":[{"name":"wp","href":"https:\/\/api.w.org\/{rel}","templated":true}]}}