{"id":85939,"date":"2017-11-23T19:59:42","date_gmt":"2017-11-23T21:59:42","guid":{"rendered":"http:\/\/diarioregionaljf.com.br\/2017\/11\/23\/o-kinofrei-romance-e-perseguicoes-compoem-ficcao-victoria\/"},"modified":"2017-11-23T19:59:42","modified_gmt":"2017-11-23T21:59:42","slug":"o-kinofrei-romance-e-perseguicoes-compoem-ficcao-victoria","status":"publish","type":"post","link":"https:\/\/diarioregionaldigital.com.br\/?p=85939","title":{"rendered":"\u201cO kinofrei\u201d: Romance e persegui\u00e7\u00f5es comp\u00f5em fic\u00e7\u00e3o \u201cVictoria\u201d"},"content":{"rendered":"<p>A mostra de cinema alem\u00e3o \u201cO kinofrei\u201d, iniciativa do Werther Institut, exibir\u00e1 nesta sexta, 24, \u00e0s 19h30, a fic\u00e7\u00e3o \u201cVictoria\u201d. Como em todas as apresenta\u00e7\u00f5es, a sess\u00e3o acontecer\u00e1 no Anfiteatro \u201cJo\u00e3o Carri\u00e7o\u201d, localizado no pr\u00e9dio da Funda\u00e7\u00e3o Cultural Alfredo Ferreira Lage (Funalfa &#8211; Av. Bar\u00e3o do Rio Branco, n\u00ba2.234, Centro). A entrada \u00e9 franca.<\/p>\n<p><strong>Victoria<\/strong> | 16 anos | 2015 | Fic\u00e7\u00e3o | 140\u2019<br \/><strong>Dire\u00e7\u00e3o<\/strong>: Sebastian Schipper<br \/>Rec\u00e9m-chegada em Berlim, Victoria (Laia Costa) vai a uma boate se divertir, onde conhece Sonne (Frederick Lau) e seus amigos, que se apresentam como berlinenses genu\u00ednos. Logo, se estabelece uma forte atra\u00e7\u00e3o entre Victoria e Sonne, mas o flerte \u00e9 interrompido quando o grupo de jovens \u00e9 obrigado a pagar uma d\u00edvida antiga. Victoria, ent\u00e3o, decide ajud\u00e1-los e entra no jogo como motorista. O que parecia ser apenas uma aventura maluca pode virar um pesadelo. As cenas, gravadas em plano-sequ\u00eancia nos bairros de Kreuzberg e Mitte, carregam o espectador ao longo do tempo e das emo\u00e7\u00f5es.<\/p>\n<h4>PROGRAMA\u00c7\u00c3O<\/h4>\n<p>8 de dezembro &#8211; \u201cThe Cut\u201d<br \/>Dire\u00e7\u00e3o: FatihAkin | 2015 | 130\u2019<\/p>\n<p>&nbsp;<\/p>\n<p>Fonte: Assessoria<\/p>\n","protected":false},"excerpt":{"rendered":"<p>A mostra de cinema alem\u00e3o \u201cO kinofrei\u201d, iniciativa do Werther Institut, exibir\u00e1 nesta sexta, 24, \u00e0s 19h30, a fic\u00e7\u00e3o \u201cVictoria\u201d. Como em todas as apresenta\u00e7\u00f5es, a sess\u00e3o acontecer\u00e1 no Anfiteatro \u201cJo\u00e3o Carri\u00e7o\u201d, localizado no pr\u00e9dio da Funda\u00e7\u00e3o Cultural Alfredo Ferreira Lage (Funalfa &#8211; Av. Bar\u00e3o do Rio Branco, n\u00ba2.234, Centro). A entrada \u00e9 franca. Victoria [&hellip;]<\/p>\n","protected":false},"author":96,"featured_media":85938,"comment_status":"closed","ping_status":"closed","sticky":false,"template":"","format":"standard","meta":{"footnotes":""},"categories":[256],"tags":[],"class_list":["post-85939","post","type-post","status-publish","format-standard","has-post-thumbnail","hentry","category-cultura"],"_links":{"self":[{"href":"https:\/\/diarioregionaldigital.com.br\/index.php?rest_route=\/wp\/v2\/posts\/85939","targetHints":{"allow":["GET"]}}],"collection":[{"href":"https:\/\/diarioregionaldigital.com.br\/index.php?rest_route=\/wp\/v2\/posts"}],"about":[{"href":"https:\/\/diarioregionaldigital.com.br\/index.php?rest_route=\/wp\/v2\/types\/post"}],"author":[{"embeddable":true,"href":"https:\/\/diarioregionaldigital.com.br\/index.php?rest_route=\/wp\/v2\/users\/96"}],"replies":[{"embeddable":true,"href":"https:\/\/diarioregionaldigital.com.br\/index.php?rest_route=%2Fwp%2Fv2%2Fcomments&post=85939"}],"version-history":[{"count":0,"href":"https:\/\/diarioregionaldigital.com.br\/index.php?rest_route=\/wp\/v2\/posts\/85939\/revisions"}],"wp:featuredmedia":[{"embeddable":true,"href":"https:\/\/diarioregionaldigital.com.br\/index.php?rest_route=\/wp\/v2\/media\/85938"}],"wp:attachment":[{"href":"https:\/\/diarioregionaldigital.com.br\/index.php?rest_route=%2Fwp%2Fv2%2Fmedia&parent=85939"}],"wp:term":[{"taxonomy":"category","embeddable":true,"href":"https:\/\/diarioregionaldigital.com.br\/index.php?rest_route=%2Fwp%2Fv2%2Fcategories&post=85939"},{"taxonomy":"post_tag","embeddable":true,"href":"https:\/\/diarioregionaldigital.com.br\/index.php?rest_route=%2Fwp%2Fv2%2Ftags&post=85939"}],"curies":[{"name":"wp","href":"https:\/\/api.w.org\/{rel}","templated":true}]}}