{"id":85933,"date":"2017-11-23T19:49:52","date_gmt":"2017-11-23T21:49:52","guid":{"rendered":"http:\/\/diarioregionaljf.com.br\/2017\/11\/23\/idoso-fica-ferido-em-acidente-na-br-116-proximo-a-muriae\/"},"modified":"2017-11-23T19:49:52","modified_gmt":"2017-11-23T21:49:52","slug":"idoso-fica-ferido-em-acidente-na-br-116-proximo-a-muriae","status":"publish","type":"post","link":"https:\/\/diarioregionaldigital.com.br\/?p=85933","title":{"rendered":"Idoso fica ferido em acidente na BR-116 pr\u00f3ximo \u00e0 Muria\u00e9"},"content":{"rendered":"<p>Uma colis\u00e3o entre um caminh\u00e3o e um autom\u00f3vel na BR-116, na altura do bairro Santa Helena, em Muria\u00e9, deixou um idoso ferido, nesta quinta-feira, 23. O idoso, que \u00e9 de Muria\u00e9, conduzia o ve\u00edculo de passeio e, segundo as primeiras informa\u00e7\u00f5es, sofreu les\u00f5es leves, sendo socorrido pelo Servi\u00e7o de Atendimento M\u00f3vel de Urg\u00eancia (SAMU) e Corpo de Bombeiros e levado ao Hospital S\u00e3o Paulo (HSP). Ap\u00f3s o choque, o caminh\u00e3o tombou e parou atravessado na pista, deixando o tr\u00e2nsito complicado no local.<\/p>\n<p>Relatos preliminares d\u00e3o conta de que o autom\u00f3vel seguia sentido ao posto da Pol\u00edcia Rodovi\u00e1ria Federal (PRF) e seu condutor perdeu o controle do ve\u00edculo ao sofrer um mal s\u00fabito, tendo o carro avan\u00e7ado em dire\u00e7\u00e3o ao caminh\u00e3o que trafegava pela pista contr\u00e1ria.<\/p>\n<p>O motorista do caminh\u00e3o, que n\u00e3o teria sofrido ferimentos, tentou evitar a batida e o ve\u00edculo acabou tombando ap\u00f3s se chocar lateralmente em um barranco.<\/p>\n<p>Policiais rodovi\u00e1rios federais controlaram o tr\u00e2nsito e guinchos desviraram o caminh\u00e3o para que o mesmo pudesse ser removido e rodovia liberada.<\/p>\n<p>&nbsp;<\/p>\n<p>Fonte: R\u00e1dio Muria\u00e9<\/p>\n","protected":false},"excerpt":{"rendered":"<p>Uma colis\u00e3o entre um caminh\u00e3o e um autom\u00f3vel na BR-116, na altura do bairro Santa Helena, em Muria\u00e9, deixou um idoso ferido, nesta quinta-feira, 23. O idoso, que \u00e9 de Muria\u00e9, conduzia o ve\u00edculo de passeio e, segundo as primeiras informa\u00e7\u00f5es, sofreu les\u00f5es leves, sendo socorrido pelo Servi\u00e7o de Atendimento M\u00f3vel de Urg\u00eancia (SAMU) e [&hellip;]<\/p>\n","protected":false},"author":96,"featured_media":85932,"comment_status":"closed","ping_status":"closed","sticky":false,"template":"","format":"standard","meta":{"footnotes":""},"categories":[252],"tags":[],"class_list":["post-85933","post","type-post","status-publish","format-standard","has-post-thumbnail","hentry","category-regiao"],"_links":{"self":[{"href":"https:\/\/diarioregionaldigital.com.br\/index.php?rest_route=\/wp\/v2\/posts\/85933","targetHints":{"allow":["GET"]}}],"collection":[{"href":"https:\/\/diarioregionaldigital.com.br\/index.php?rest_route=\/wp\/v2\/posts"}],"about":[{"href":"https:\/\/diarioregionaldigital.com.br\/index.php?rest_route=\/wp\/v2\/types\/post"}],"author":[{"embeddable":true,"href":"https:\/\/diarioregionaldigital.com.br\/index.php?rest_route=\/wp\/v2\/users\/96"}],"replies":[{"embeddable":true,"href":"https:\/\/diarioregionaldigital.com.br\/index.php?rest_route=%2Fwp%2Fv2%2Fcomments&post=85933"}],"version-history":[{"count":0,"href":"https:\/\/diarioregionaldigital.com.br\/index.php?rest_route=\/wp\/v2\/posts\/85933\/revisions"}],"wp:featuredmedia":[{"embeddable":true,"href":"https:\/\/diarioregionaldigital.com.br\/index.php?rest_route=\/wp\/v2\/media\/85932"}],"wp:attachment":[{"href":"https:\/\/diarioregionaldigital.com.br\/index.php?rest_route=%2Fwp%2Fv2%2Fmedia&parent=85933"}],"wp:term":[{"taxonomy":"category","embeddable":true,"href":"https:\/\/diarioregionaldigital.com.br\/index.php?rest_route=%2Fwp%2Fv2%2Fcategories&post=85933"},{"taxonomy":"post_tag","embeddable":true,"href":"https:\/\/diarioregionaldigital.com.br\/index.php?rest_route=%2Fwp%2Fv2%2Ftags&post=85933"}],"curies":[{"name":"wp","href":"https:\/\/api.w.org\/{rel}","templated":true}]}}