{"id":85931,"date":"2017-11-23T19:43:08","date_gmt":"2017-11-23T21:43:08","guid":{"rendered":"http:\/\/diarioregionaljf.com.br\/2017\/11\/23\/vicosa-realiza-3-semana-da-pessoa-com-deficiencia\/"},"modified":"2017-11-23T19:43:08","modified_gmt":"2017-11-23T21:43:08","slug":"vicosa-realiza-3-semana-da-pessoa-com-deficiencia","status":"publish","type":"post","link":"https:\/\/diarioregionaldigital.com.br\/?p=85931","title":{"rendered":"Vi\u00e7osa realiza 3\u00aa Semana da Pessoa com Defici\u00eancia"},"content":{"rendered":"<p>O Lions Clube de Vi\u00e7osa, em parceria com a Secretaria de Educa\u00e7\u00e3o e&nbsp;com apoio da Secretaria Municipal de Assist\u00eancia Social, do Conselho&nbsp;Municipal dos Direitos da Pessoa com Defici\u00eancia, APONE e APAE, e com&nbsp;participa\u00e7\u00e3o dos alunos do Centro Municipal de Educa\u00e7\u00e3o Dr.<br \/>Janu\u00e1rio de Andrade Fontes, Escola Municipal Ministro Edmundo Lins e&nbsp;Escola Municipal Coronel Ant\u00f4nio da Silva, realizar\u00e1 a 3\u00aa Semana&nbsp;Vi\u00e7osense dos Direitos da Pessoa com Defici\u00eancia.<\/p>\n<p>O evento, realizado anualmente pelo Clube de Servi\u00e7o em parceria com&nbsp;entidades municipais, \u00e9 em alus\u00e3o ao dia 3 de dezembro, quando se&nbsp;comemora o Dia Internacional da Pessoa com Defici\u00eancia, data que busca&nbsp;ampliar a inclus\u00e3o da Pessoa com Defici\u00eancia na sociedade.&nbsp;Durante a semana, entre os dias 27 de novembro (segunda) e 2 de dezembro (s\u00e1bado), as Psic\u00f3logas Eliane Pereira Messias e Tereza Batalha; o&nbsp;M\u00e9dico Veterin\u00e1rio e Treinador de Animais, Andr\u00eas Sales Coelho; o&nbsp;Presidente do Conselho Municipal dos Direitos da Pessoa com&nbsp;Defici\u00eancia, Dr. Israel Rosa da Silva; o Chefe do Departamento de&nbsp;Esportes e Lazer da Secretaria Municipal de Cultura, Patrim\u00f4nio&nbsp;Hist\u00f3rico e Esportes, Prof. Adailson Abranches Monteiro, e o Ativista&nbsp;Social Jos\u00e9 Geraldo de Souza Castro (Z\u00e9 do Pedal) ir\u00e3o proferir&nbsp;palestras, no audit\u00f3rio do Centro Municipal de Educa\u00e7\u00e3o Dr. Janu\u00e1rio&nbsp;de Andrade Fontes, abordando as diversas formas de defici\u00eancia e a&nbsp;inclus\u00e3o da crian\u00e7a com defici\u00eancia na escola.&nbsp;No s\u00e1bado, 2 de dezembro, haver\u00e1 uma caminhada no cal\u00e7ad\u00e3o, a partir das 9h.<\/p>\n<p>De acordo com o presidente do Lions Clube de Vi\u00e7osa, o jornalista e&nbsp;ativista social Jos\u00e9 Geraldo de Souza Castro &#8211; Z\u00e9 do Pedal, mais de&nbsp;45,6 milh\u00f5es de brasileiros vivem a experi\u00eancia de alguma&nbsp;defici\u00eancia, segundo estimativa do Censo Demogr\u00e1fico 2010, pelo&nbsp;Instituto Brasileiro de Geografia e Estat\u00edstica (IBGE). O n\u00famero&nbsp;representa 23,9% da popula\u00e7\u00e3o do pa\u00eds. Em Vi\u00e7osa, segundo o Censo,&nbsp;existem 13.201 pessoas que sofrem algum tipo de defici\u00eancia: 1.061&nbsp;pessoas sofrem algum tipo de defici\u00eancia mental\/intelectual; 2.595&nbsp;pessoas sofrem algum tipo de defici\u00eancia auditiva; 2.605 pessoas sofrem&nbsp;algum tipo de defici\u00eancia motora; 6.940 pessoas sofrem algum tipo de&nbsp;defici\u00eancia visual, o que corresponde a 18,5% da popula\u00e7\u00e3o. Sem contar&nbsp;aquelas pessoas que, tempor\u00e1ria ou permanentemente, tem limitada sua&nbsp;capacidade de relacionar-se com o meio e de utiliz\u00e1-lo, como idosos,&nbsp;gestantes, m\u00e3es com crian\u00e7as no colo ou em carrinhos de beb\u00eas.<\/p>\n<p>&#8220;Temos que fomentar a trilogia da Igualdade, Dignidade e Respeito como um modelo de inclus\u00e3o que pensa a pessoa com defici\u00eancia como pessoa, parte da diversidade humana, que pode exercer, e deve ser inclu\u00edda, em todas as atividades da vida social e familiar. S\u00f3 pensando e agindo&nbsp;assim, teremos um pa\u00eds para todos. O principal objetivo ao levar o tema&nbsp;para dentro das escolas \u00e9 conscientizar a popula\u00e7\u00e3o estudantil da&nbsp;Rede Ensino sobre os problemas e dificuldades que enfrentam as pessoas&nbsp;com defici\u00eancia. Fizemos uma proposta ao Setor de Inclus\u00e3o da&nbsp;Secretaria Municipal de Educa\u00e7\u00e3o, que prontamente nos atendeu e abriu&nbsp;as portas das escolas municipais para come\u00e7armos a fazer um trabalho&nbsp;diferenciado com as crian\u00e7as, dando continuidade a este prop\u00f3sito&nbsp;maior que \u00e9 direito a todo cidad\u00e3o, usufruir de uma vida digna onde as&nbsp;leis garantam e proporcionem melhores condi\u00e7\u00f5es conforme, determina&nbsp;nossa constitui\u00e7\u00e3o\u201d, pontuou Z\u00e9 do Pedal.<\/p>\n<h4>HIST\u00d3RIA<\/h4>\n<p>O trabalho do Lions Clube de Vi\u00e7osa em busca da acessibilidade plena de todos os cidad\u00e3os e melhorias para a pessoa com defici\u00eancia come\u00e7ou&nbsp;em 2013, quando o Clube de Servi\u00e7o realizou coleta de assinaturas,&nbsp;entregues posteriormente aos poderes executivo e legislativo, propondo&nbsp;uma lei de iniciativa popular visando \u00e0 cria\u00e7\u00e3o do Conselho dos&nbsp;Direitos da pessoa com Defici\u00eancia, e que se transformou em realidade&nbsp;em 2014.<\/p>\n<p>Anualmente o Clube de Servi\u00e7o, em parceria com entidades ligadas \u00e0&nbsp;Pessoa Com Defici\u00eancia e \u00f3rg\u00e3os municipais, realiza no munic\u00edpio a&nbsp;Semana Vi\u00e7osense da Pessoa com Defici\u00eancia e a Semana Vi\u00e7osense da&nbsp;Pessoa com Espectro Autista, que \u00e9 realizada no m\u00eas de abril.<\/p>\n<p>Outras informa\u00e7\u00f5es sobre a Semana Vi\u00e7osense da Pessoa com&nbsp;Defici\u00eancia podem ser obtidas pelo email <a href=\"mailto:lionsclubevicosa@hotmail.com\">lionsclubevicosa@hotmail.com<\/a>&nbsp;ou pelo telefone (31) 98600-3001.<\/p>\n<h4>PROGRAMA\u00c7\u00c3O<\/h4>\n<p>&nbsp;<\/p>\n<p>*27\/11 &#8211; SEGUNDA-FEIRA<br \/>Hor\u00e1rio: 14h \u00e0s 15h<br \/>Cerim\u00f4nia de Abertura<br \/>LOCAL: Centro Municipal de Educa\u00e7\u00e3o Dr. Janu\u00e1rio de Andrade Fontes<br \/>PALESTRA: &#8220;Perspectivas e Desafios das pessoas com defici\u00eancia&#8221;<br \/>PALESTRANTE: Dr. Israel Rosa da Silva, Presidente do Conselho Municipal<br \/>dos Direitos da Pessoa com Defici\u00eancia.<br \/>30 minutos para perguntas e\/ou pronunciamentos<\/p>\n<p>*28\/11 &#8211; TER\u00c7A FEIRA<br \/>HOR\u00c1RIO: 8h30 \u00e0s 9h30<br \/>LOCAL: Centro Municipal de Educa\u00e7\u00e3o Dr. Janu\u00e1rio de Andrade Fontes<br \/>PALESTRA: &#8220;Projeto Vencer: O Esporte Como Fator de Inclus\u00e3o&#8221;<br \/>PALESTRANTE: Prof. Adailson Abranches Monteiro \u2013 Chefe do<br \/>Departamento de Esportes e Lazer da Secretaria Municipal de Cultura,<br \/>Patrim\u00f4nio Hist\u00f3rico e Esportes.<br \/>30 minutos para perguntas e\/ou pronunciamentos<\/p>\n<p>HOR\u00c1RIO: 18h00<br \/>LOCAL: C\u00e2mara Municipal de Vi\u00e7osa<br \/>PALESTRA: 3\u00aa Semana Vi\u00e7osense da Pessoa com Defici\u00eancia<br \/>PALESTRANTE: Ativista Jos\u00e9 Geraldo de Souza Castro (Z\u00e9 do Pedal)<\/p>\n<p>*29\/11 &#8211; QUARTA-FEIRA<br \/>HOR\u00c1RIO: 8h30 \u00e0s 9h30<br \/>LOCAL: Centro Municipal de Educa\u00e7\u00e3o Dr. Janu\u00e1rio de Andrade Fontes<br \/>PALESTRA: &#8220;A Inclus\u00e3o Escolar da Crian\u00e7a com Espectro Autista&#8221;<br \/>PALESTRANTE: Tereza Batalha &#8211; Psic\u00f3loga<br \/>30 minutos para perguntas e\/ou pronunciamentos<\/p>\n<p>*30\/12 &#8211; QUINTA-FEIRA<br \/>HOR\u00c1RIO: 8:30 h \u00e0s 9:30 h<br \/>LOCAL: Centro Municipal de Educa\u00e7\u00e3o Dr. Janu\u00e1rio de Andrade Fontes<br \/>PALESTRA: &#8220;A Inclus\u00e3o da Pessoa Com Defici\u00eancia no Mercado de Trabalho&#8221;<br \/>PALESTRANTE: Eliane Pereira Messias &#8211; Psic\u00f3loga.<br \/>30 minutos para perguntas e\/ou pronunciamentos<\/p>\n<p>*01\/12 &#8211; SEXTA-FEIRA<br \/>HOR\u00c1RIO: 8h30 h \u00e0s 9h30<br \/>LOCAL: Centro Municipal de Educa\u00e7\u00e3o Dr. Janu\u00e1rio de Andrade Fontes<br \/>PALESTRA: &#8220;Como os animais podem beneficiar e auxiliar as pessoas com<br \/>defici\u00eancia&#8221;<br \/>PALESTRANTE: Andr\u00eas Sales Coelho &#8211; M\u00e9dico Veterin\u00e1rio e Treinador<br \/>de Animais<br \/>30 minutos para perguntas e\/ou pronunciamentos<\/p>\n<p>HOR\u00c1RIO: 13h30 \u00e0s 16h00<br \/>LOCAL: Centro Municipal de Educa\u00e7\u00e3o Dr. Janu\u00e1rio de Andrade Fontes<br \/>13h30 &#8211; Recep\u00e7\u00e3o<br \/>14h00 &#8211; Projeto com Surdos do Centro Municipal de Educa\u00e7\u00e3o Dr.<br \/>Janu\u00e1rio de Andrade Fontes.<br \/>14h30 &#8211; Apresenta\u00e7\u00e3o do Coral do Terceiro Ano do Centro Municipal de<br \/>Educa\u00e7\u00e3o Dr. Janu\u00e1rio de Andrade Fontes.<br \/>14h45 &#8211; Apresenta\u00e7\u00e3o da Roda de Viola da APAE<br \/>15h00 &#8211; Lanche<br \/>15h30 &#8211; Relatos de experi\u00eancias<\/p>\n<p>*02\/12 S\u00c1BADO<br \/>HOR\u00c1RIO: 9h00<br \/>ENCERRAMENTO: Caminhada pela acessibilidade<br \/>LOCAL: Cal\u00e7ad\u00e3o Arthur Bernardes (saindo da Pra\u00e7a do Ros\u00e1rio at\u00e9 o<br \/>C\u00e2mara Municipal de Vi\u00e7osa &#8211; Pra\u00e7a Silviano Brand\u00e3o).<\/p>\n<p>Fonte: Assessoria<\/p>\n","protected":false},"excerpt":{"rendered":"<p>O Lions Clube de Vi\u00e7osa, em parceria com a Secretaria de Educa\u00e7\u00e3o e&nbsp;com apoio da Secretaria Municipal de Assist\u00eancia Social, do Conselho&nbsp;Municipal dos Direitos da Pessoa com Defici\u00eancia, APONE e APAE, e com&nbsp;participa\u00e7\u00e3o dos alunos do Centro Municipal de Educa\u00e7\u00e3o Dr.Janu\u00e1rio de Andrade Fontes, Escola Municipal Ministro Edmundo Lins e&nbsp;Escola Municipal Coronel Ant\u00f4nio da Silva, [&hellip;]<\/p>\n","protected":false},"author":96,"featured_media":85930,"comment_status":"closed","ping_status":"closed","sticky":false,"template":"","format":"standard","meta":{"footnotes":""},"categories":[252],"tags":[],"class_list":["post-85931","post","type-post","status-publish","format-standard","has-post-thumbnail","hentry","category-regiao"],"_links":{"self":[{"href":"https:\/\/diarioregionaldigital.com.br\/index.php?rest_route=\/wp\/v2\/posts\/85931","targetHints":{"allow":["GET"]}}],"collection":[{"href":"https:\/\/diarioregionaldigital.com.br\/index.php?rest_route=\/wp\/v2\/posts"}],"about":[{"href":"https:\/\/diarioregionaldigital.com.br\/index.php?rest_route=\/wp\/v2\/types\/post"}],"author":[{"embeddable":true,"href":"https:\/\/diarioregionaldigital.com.br\/index.php?rest_route=\/wp\/v2\/users\/96"}],"replies":[{"embeddable":true,"href":"https:\/\/diarioregionaldigital.com.br\/index.php?rest_route=%2Fwp%2Fv2%2Fcomments&post=85931"}],"version-history":[{"count":0,"href":"https:\/\/diarioregionaldigital.com.br\/index.php?rest_route=\/wp\/v2\/posts\/85931\/revisions"}],"wp:featuredmedia":[{"embeddable":true,"href":"https:\/\/diarioregionaldigital.com.br\/index.php?rest_route=\/wp\/v2\/media\/85930"}],"wp:attachment":[{"href":"https:\/\/diarioregionaldigital.com.br\/index.php?rest_route=%2Fwp%2Fv2%2Fmedia&parent=85931"}],"wp:term":[{"taxonomy":"category","embeddable":true,"href":"https:\/\/diarioregionaldigital.com.br\/index.php?rest_route=%2Fwp%2Fv2%2Fcategories&post=85931"},{"taxonomy":"post_tag","embeddable":true,"href":"https:\/\/diarioregionaldigital.com.br\/index.php?rest_route=%2Fwp%2Fv2%2Ftags&post=85931"}],"curies":[{"name":"wp","href":"https:\/\/api.w.org\/{rel}","templated":true}]}}