{"id":85929,"date":"2017-11-23T19:24:16","date_gmt":"2017-11-23T21:24:16","guid":{"rendered":"http:\/\/diarioregionaljf.com.br\/2017\/11\/23\/escola-municipal-de-barbacena-realiza-campanha-para-arrecadacao-de-livros\/"},"modified":"2017-11-23T19:24:16","modified_gmt":"2017-11-23T21:24:16","slug":"escola-municipal-de-barbacena-realiza-campanha-para-arrecadacao-de-livros","status":"publish","type":"post","link":"https:\/\/diarioregionaldigital.com.br\/?p=85929","title":{"rendered":"Escola Municipal de Barbacena realiza campanha para arrecada\u00e7\u00e3o de livros"},"content":{"rendered":"<p>A Escola Municipal Professora Yay\u00e1 Moreira, do bairro Cai\u00e7aras, em Barbacena, est\u00e1 arrecadando obras liter\u00e1rias voltadas para crian\u00e7as do 1\u00ba ao 9\u00ba ano do Ensino Fundamental. A iniciativa tem o objetivo de equipar a biblioteca que est\u00e1 sendo montada na institui\u00e7\u00e3o de ensino.<\/p>\n<p>A campanha busca arrecadar, sobretudo, obras infantis, infantojuvenis e revistas em quadrinhos. As doa\u00e7\u00f5es podem ser feitas at\u00e9 o dia 25 de novembro (s\u00e1bado), com pontos de coleta na pr\u00f3pria escola (Pra\u00e7a George Bernanos, n\u00ba1, bairro Cai\u00e7aras), no restaurante Vendemmia (Rua XV de Novembro, n\u00b0126, loja 11) e na secretaria paroquial de Nossa Senhora da Piedade (Rua Vig\u00e1rio Brito, n\u00ba26, Centro).<\/p>\n<p>&nbsp;<\/p>\n<p>Fonte: Assessoria Prefeitura de Barbacena<\/p>\n","protected":false},"excerpt":{"rendered":"<p>A Escola Municipal Professora Yay\u00e1 Moreira, do bairro Cai\u00e7aras, em Barbacena, est\u00e1 arrecadando obras liter\u00e1rias voltadas para crian\u00e7as do 1\u00ba ao 9\u00ba ano do Ensino Fundamental. A iniciativa tem o objetivo de equipar a biblioteca que est\u00e1 sendo montada na institui\u00e7\u00e3o de ensino. A campanha busca arrecadar, sobretudo, obras infantis, infantojuvenis e revistas em quadrinhos. [&hellip;]<\/p>\n","protected":false},"author":96,"featured_media":85928,"comment_status":"closed","ping_status":"closed","sticky":false,"template":"","format":"standard","meta":{"footnotes":""},"categories":[252],"tags":[],"class_list":["post-85929","post","type-post","status-publish","format-standard","has-post-thumbnail","hentry","category-regiao"],"_links":{"self":[{"href":"https:\/\/diarioregionaldigital.com.br\/index.php?rest_route=\/wp\/v2\/posts\/85929","targetHints":{"allow":["GET"]}}],"collection":[{"href":"https:\/\/diarioregionaldigital.com.br\/index.php?rest_route=\/wp\/v2\/posts"}],"about":[{"href":"https:\/\/diarioregionaldigital.com.br\/index.php?rest_route=\/wp\/v2\/types\/post"}],"author":[{"embeddable":true,"href":"https:\/\/diarioregionaldigital.com.br\/index.php?rest_route=\/wp\/v2\/users\/96"}],"replies":[{"embeddable":true,"href":"https:\/\/diarioregionaldigital.com.br\/index.php?rest_route=%2Fwp%2Fv2%2Fcomments&post=85929"}],"version-history":[{"count":0,"href":"https:\/\/diarioregionaldigital.com.br\/index.php?rest_route=\/wp\/v2\/posts\/85929\/revisions"}],"wp:featuredmedia":[{"embeddable":true,"href":"https:\/\/diarioregionaldigital.com.br\/index.php?rest_route=\/wp\/v2\/media\/85928"}],"wp:attachment":[{"href":"https:\/\/diarioregionaldigital.com.br\/index.php?rest_route=%2Fwp%2Fv2%2Fmedia&parent=85929"}],"wp:term":[{"taxonomy":"category","embeddable":true,"href":"https:\/\/diarioregionaldigital.com.br\/index.php?rest_route=%2Fwp%2Fv2%2Fcategories&post=85929"},{"taxonomy":"post_tag","embeddable":true,"href":"https:\/\/diarioregionaldigital.com.br\/index.php?rest_route=%2Fwp%2Fv2%2Ftags&post=85929"}],"curies":[{"name":"wp","href":"https:\/\/api.w.org\/{rel}","templated":true}]}}