{"id":85927,"date":"2017-11-23T18:49:57","date_gmt":"2017-11-23T20:49:57","guid":{"rendered":"http:\/\/diarioregionaljf.com.br\/2017\/11\/23\/homem-morre-em-batida-entre-carro-e-caminhao-na-br-116\/"},"modified":"2017-11-23T18:49:57","modified_gmt":"2017-11-23T20:49:57","slug":"homem-morre-em-batida-entre-carro-e-caminhao-na-br-116","status":"publish","type":"post","link":"https:\/\/diarioregionaldigital.com.br\/?p=85927","title":{"rendered":"Homem morre em batida entre carro e caminh\u00e3o na BR-116"},"content":{"rendered":"<p>Um homem de 39 anos perdeu a vida em uma violenta colis\u00e3o entre um autom\u00f3vel de passeio, placas de Manhua\u00e7u, e um caminh\u00e3o, placas de Cachoeiras de Macacu (RJ), ocorrida na altura do km 743 da BR-116, entre as cidades de Leopoldina e Laranjal, no in\u00edcio da noite dessa quarta-feira, 22. O motorista do caminh\u00e3o sofreu les\u00f5es leves.<\/p>\n<p>O acidente tamb\u00e9m envolveu um carro de Muria\u00e9 e uma caminhonete de Duque de Caxias (RJ), mas seus ocupantes n\u00e3o se feriram.<\/p>\n<p>Ainda n\u00e3o h\u00e1 detalhes oficiais da din\u00e2mica e das causas do acidente. O ve\u00edculo onde a v\u00edtima fatal estava foi completamente destru\u00eddo e o condutor, natural de Manhua\u00e7u, teve o corpo partido ao meio, sendo o tronco lan\u00e7ado na pista.<\/p>\n<p>Ap\u00f3s o choque, o caminh\u00e3o tombou sobre um barranco \u00e0 margem da rodovia, e segundo o registro confeccionado pelos militares do Pelot\u00e3o de Bombeiros de Leopoldina, o motorista foi socorrido por uma equipe do Samu de Laranjal \u00e0 Casa de Caridade Leopoldinense.<\/p>\n<p>O fato mobilizou tamb\u00e9m a Pol\u00edcia Rodovi\u00e1ria Federal (PRF) e a per\u00edcia da Pol\u00edcia Civil (PC), que vai investigar as causas do acidente.<\/p>\n<p>&nbsp;<\/p>\n<p>Da reda\u00e7\u00e3o\/Colabora\u00e7\u00e3o R\u00e1dio Muria\u00e9<\/p>\n","protected":false},"excerpt":{"rendered":"<p>Um homem de 39 anos perdeu a vida em uma violenta colis\u00e3o entre um autom\u00f3vel de passeio, placas de Manhua\u00e7u, e um caminh\u00e3o, placas de Cachoeiras de Macacu (RJ), ocorrida na altura do km 743 da BR-116, entre as cidades de Leopoldina e Laranjal, no in\u00edcio da noite dessa quarta-feira, 22. O motorista do caminh\u00e3o [&hellip;]<\/p>\n","protected":false},"author":96,"featured_media":85926,"comment_status":"closed","ping_status":"closed","sticky":false,"template":"","format":"standard","meta":{"footnotes":""},"categories":[252],"tags":[],"class_list":["post-85927","post","type-post","status-publish","format-standard","has-post-thumbnail","hentry","category-regiao"],"_links":{"self":[{"href":"https:\/\/diarioregionaldigital.com.br\/index.php?rest_route=\/wp\/v2\/posts\/85927","targetHints":{"allow":["GET"]}}],"collection":[{"href":"https:\/\/diarioregionaldigital.com.br\/index.php?rest_route=\/wp\/v2\/posts"}],"about":[{"href":"https:\/\/diarioregionaldigital.com.br\/index.php?rest_route=\/wp\/v2\/types\/post"}],"author":[{"embeddable":true,"href":"https:\/\/diarioregionaldigital.com.br\/index.php?rest_route=\/wp\/v2\/users\/96"}],"replies":[{"embeddable":true,"href":"https:\/\/diarioregionaldigital.com.br\/index.php?rest_route=%2Fwp%2Fv2%2Fcomments&post=85927"}],"version-history":[{"count":0,"href":"https:\/\/diarioregionaldigital.com.br\/index.php?rest_route=\/wp\/v2\/posts\/85927\/revisions"}],"wp:featuredmedia":[{"embeddable":true,"href":"https:\/\/diarioregionaldigital.com.br\/index.php?rest_route=\/wp\/v2\/media\/85926"}],"wp:attachment":[{"href":"https:\/\/diarioregionaldigital.com.br\/index.php?rest_route=%2Fwp%2Fv2%2Fmedia&parent=85927"}],"wp:term":[{"taxonomy":"category","embeddable":true,"href":"https:\/\/diarioregionaldigital.com.br\/index.php?rest_route=%2Fwp%2Fv2%2Fcategories&post=85927"},{"taxonomy":"post_tag","embeddable":true,"href":"https:\/\/diarioregionaldigital.com.br\/index.php?rest_route=%2Fwp%2Fv2%2Ftags&post=85927"}],"curies":[{"name":"wp","href":"https:\/\/api.w.org\/{rel}","templated":true}]}}