{"id":85923,"date":"2017-11-23T18:18:34","date_gmt":"2017-11-23T20:18:34","guid":{"rendered":"http:\/\/diarioregionaljf.com.br\/2017\/11\/23\/comissao-obriga-inclusao-de-nomes-de-conjuges-e-filhos-do-titular-em-conta-para-comprovar-residencia\/"},"modified":"2017-11-23T18:18:34","modified_gmt":"2017-11-23T20:18:34","slug":"comissao-obriga-inclusao-de-nomes-de-conjuges-e-filhos-do-titular-em-conta-para-comprovar-residencia","status":"publish","type":"post","link":"https:\/\/diarioregionaldigital.com.br\/?p=85923","title":{"rendered":"Comiss\u00e3o obriga inclus\u00e3o de nomes de c\u00f4njuges e filhos do titular em conta para comprovar resid\u00eancia"},"content":{"rendered":"<p>A Comiss\u00e3o de Trabalho, de Administra\u00e7\u00e3o e Servi\u00e7o P\u00fablico aprovou proposta que obriga as concession\u00e1rias de servi\u00e7os p\u00fablicos, como de fornecimento de \u00e1gua e energia el\u00e9trica, a incluir na fatura os nomes de c\u00f4njuge, companheiro ou companheira e filhos maiores de 18 anos do titular da conta.<\/p>\n<p>A inclus\u00e3o ser\u00e1 feita a pedido do titular da conta do servi\u00e7o p\u00fablico, para fins de apresenta\u00e7\u00e3o de uso da fatura como comprovante de resid\u00eancia. As pessoas com nome na fatura dever\u00e3o morar no local em que o servi\u00e7o \u00e9 prestado, sob pena de serem incriminados por falsidade ideol\u00f3gica.<\/p>\n<p>A medida est\u00e1 prevista no Projeto de Lei 6522\/16, do deputado R\u00f4mulo Gouveia (PSD-PB), que recebeu parecer favor\u00e1vel da relatora, deputada Gorete Pereira (PR-CE). \u201cA medida concilia interesses de consumidores e fornecedores\u201d, disse a parlamentar.<\/p>\n<p>O projeto inclui a obriga\u00e7\u00e3o na Lei 7.115\/83, que trata de prova de vida, resid\u00eancia, pobreza, depend\u00eancia econ\u00f4mica, homon\u00edmia ou bons antecedentes.<\/p>\n<p>&nbsp;<\/p>\n<h4>TRAMITA\u00c7\u00c3O<\/h4>\n<p>A proposta ainda ser\u00e1 analisada pela Comiss\u00e3o de Constitui\u00e7\u00e3o e Justi\u00e7a e de Cidadania. Depois, o texto segue para o Plen\u00e1rio.<\/p>\n<p>Fonte: Ag\u00eancia C\u00e2mara Not\u00edcias<\/p>\n","protected":false},"excerpt":{"rendered":"<p>A Comiss\u00e3o de Trabalho, de Administra\u00e7\u00e3o e Servi\u00e7o P\u00fablico aprovou proposta que obriga as concession\u00e1rias de servi\u00e7os p\u00fablicos, como de fornecimento de \u00e1gua e energia el\u00e9trica, a incluir na fatura os nomes de c\u00f4njuge, companheiro ou companheira e filhos maiores de 18 anos do titular da conta. A inclus\u00e3o ser\u00e1 feita a pedido do titular [&hellip;]<\/p>\n","protected":false},"author":96,"featured_media":85922,"comment_status":"closed","ping_status":"closed","sticky":false,"template":"","format":"standard","meta":{"footnotes":""},"categories":[254],"tags":[],"class_list":["post-85923","post","type-post","status-publish","format-standard","has-post-thumbnail","hentry","category-politica"],"_links":{"self":[{"href":"https:\/\/diarioregionaldigital.com.br\/index.php?rest_route=\/wp\/v2\/posts\/85923","targetHints":{"allow":["GET"]}}],"collection":[{"href":"https:\/\/diarioregionaldigital.com.br\/index.php?rest_route=\/wp\/v2\/posts"}],"about":[{"href":"https:\/\/diarioregionaldigital.com.br\/index.php?rest_route=\/wp\/v2\/types\/post"}],"author":[{"embeddable":true,"href":"https:\/\/diarioregionaldigital.com.br\/index.php?rest_route=\/wp\/v2\/users\/96"}],"replies":[{"embeddable":true,"href":"https:\/\/diarioregionaldigital.com.br\/index.php?rest_route=%2Fwp%2Fv2%2Fcomments&post=85923"}],"version-history":[{"count":0,"href":"https:\/\/diarioregionaldigital.com.br\/index.php?rest_route=\/wp\/v2\/posts\/85923\/revisions"}],"wp:featuredmedia":[{"embeddable":true,"href":"https:\/\/diarioregionaldigital.com.br\/index.php?rest_route=\/wp\/v2\/media\/85922"}],"wp:attachment":[{"href":"https:\/\/diarioregionaldigital.com.br\/index.php?rest_route=%2Fwp%2Fv2%2Fmedia&parent=85923"}],"wp:term":[{"taxonomy":"category","embeddable":true,"href":"https:\/\/diarioregionaldigital.com.br\/index.php?rest_route=%2Fwp%2Fv2%2Fcategories&post=85923"},{"taxonomy":"post_tag","embeddable":true,"href":"https:\/\/diarioregionaldigital.com.br\/index.php?rest_route=%2Fwp%2Fv2%2Ftags&post=85923"}],"curies":[{"name":"wp","href":"https:\/\/api.w.org\/{rel}","templated":true}]}}