{"id":85921,"date":"2017-11-23T18:08:39","date_gmt":"2017-11-23T20:08:39","guid":{"rendered":"http:\/\/diarioregionaljf.com.br\/2017\/11\/23\/vereador-propoe-criacao-dos-ecopontos-culturais-na-cidade\/"},"modified":"2017-11-23T18:08:39","modified_gmt":"2017-11-23T20:08:39","slug":"vereador-propoe-criacao-dos-ecopontos-culturais-na-cidade","status":"publish","type":"post","link":"https:\/\/diarioregionaldigital.com.br\/?p=85921","title":{"rendered":"Vereador prop\u00f5e cria\u00e7\u00e3o dos Ecopontos Culturais na cidade"},"content":{"rendered":"<p>Foi aprovado em terceira discuss\u00e3o nessa quarta-feira, 22, o Projeto de Lei (PL) do vereador J\u00falio Obama Jr. (PHS) que institui os espa\u00e7os destinados \u00e0 cultura denominados como &#8220;Ecopontos Culturais&#8221; em Juiz de Fora.<\/p>\n<p>O objetivo do PL \u00e9 fomentar a cultura e o conhecimento, estabelecendo nos espa\u00e7os p\u00fablicos municipais trocas e doa\u00e7\u00f5es diretas de livros, jornais, revistas, peri\u00f3dicos entre outros. Dessa forma, o cidad\u00e3o tem acesso a materiais culturais, de estudo e lazer.<\/p>\n<p>A proposi\u00e7\u00e3o ainda prev\u00ea que a Prefeitura estabele\u00e7a os espa\u00e7os destinados \u00e0 pr\u00e1tica livre de troca desses exemplares, podendo disponibilizar servidores, equipamentos e meios para cumprimento desta lei. A mat\u00e9ria, agora, vai para a san\u00e7\u00e3o ou veto do Executivo.<\/p>\n<p>Fonte: Ag\u00eancia Brasil<\/p>\n","protected":false},"excerpt":{"rendered":"<p>Foi aprovado em terceira discuss\u00e3o nessa quarta-feira, 22, o Projeto de Lei (PL) do vereador J\u00falio Obama Jr. (PHS) que institui os espa\u00e7os destinados \u00e0 cultura denominados como &#8220;Ecopontos Culturais&#8221; em Juiz de Fora. O objetivo do PL \u00e9 fomentar a cultura e o conhecimento, estabelecendo nos espa\u00e7os p\u00fablicos municipais trocas e doa\u00e7\u00f5es diretas de [&hellip;]<\/p>\n","protected":false},"author":96,"featured_media":85920,"comment_status":"closed","ping_status":"closed","sticky":false,"template":"","format":"standard","meta":{"footnotes":""},"categories":[254],"tags":[],"class_list":["post-85921","post","type-post","status-publish","format-standard","has-post-thumbnail","hentry","category-politica"],"_links":{"self":[{"href":"https:\/\/diarioregionaldigital.com.br\/index.php?rest_route=\/wp\/v2\/posts\/85921","targetHints":{"allow":["GET"]}}],"collection":[{"href":"https:\/\/diarioregionaldigital.com.br\/index.php?rest_route=\/wp\/v2\/posts"}],"about":[{"href":"https:\/\/diarioregionaldigital.com.br\/index.php?rest_route=\/wp\/v2\/types\/post"}],"author":[{"embeddable":true,"href":"https:\/\/diarioregionaldigital.com.br\/index.php?rest_route=\/wp\/v2\/users\/96"}],"replies":[{"embeddable":true,"href":"https:\/\/diarioregionaldigital.com.br\/index.php?rest_route=%2Fwp%2Fv2%2Fcomments&post=85921"}],"version-history":[{"count":0,"href":"https:\/\/diarioregionaldigital.com.br\/index.php?rest_route=\/wp\/v2\/posts\/85921\/revisions"}],"wp:featuredmedia":[{"embeddable":true,"href":"https:\/\/diarioregionaldigital.com.br\/index.php?rest_route=\/wp\/v2\/media\/85920"}],"wp:attachment":[{"href":"https:\/\/diarioregionaldigital.com.br\/index.php?rest_route=%2Fwp%2Fv2%2Fmedia&parent=85921"}],"wp:term":[{"taxonomy":"category","embeddable":true,"href":"https:\/\/diarioregionaldigital.com.br\/index.php?rest_route=%2Fwp%2Fv2%2Fcategories&post=85921"},{"taxonomy":"post_tag","embeddable":true,"href":"https:\/\/diarioregionaldigital.com.br\/index.php?rest_route=%2Fwp%2Fv2%2Ftags&post=85921"}],"curies":[{"name":"wp","href":"https:\/\/api.w.org\/{rel}","templated":true}]}}