{"id":85919,"date":"2017-11-23T18:03:01","date_gmt":"2017-11-23T20:03:01","guid":{"rendered":"http:\/\/diarioregionaljf.com.br\/2017\/11\/23\/homem-e-preso-apos-cometer-assalto-no-centro\/"},"modified":"2017-11-23T18:03:01","modified_gmt":"2017-11-23T20:03:01","slug":"homem-e-preso-apos-cometer-assalto-no-centro","status":"publish","type":"post","link":"https:\/\/diarioregionaldigital.com.br\/?p=85919","title":{"rendered":"Homem \u00e9 preso ap\u00f3s cometer assalto no Centro"},"content":{"rendered":"<p>Um assaltante foi preso ap\u00f3s roubar um homem, 26 anos, na Rua Bar\u00e3o S\u00e3o Jo\u00e3o Nepomuceno, regi\u00e3o Central, na madrugada desta quinta-feira, 23.<\/p>\n<p>De acordo com informa\u00e7\u00f5es da Pol\u00edcia Militar (PM), a v\u00edtima relatou que foi abordada pelo autor que, portando uma faca, anunciou o assalto e fugiu levando seu celular e a quantia de R$50.<\/p>\n<p>O assaltante foi localizado e preso em flagrante. O aparelho telef\u00f4nico e o dinheiro da v\u00edtima foram recuperados.<\/p>\n","protected":false},"excerpt":{"rendered":"<p>Um assaltante foi preso ap\u00f3s roubar um homem, 26 anos, na Rua Bar\u00e3o S\u00e3o Jo\u00e3o Nepomuceno, regi\u00e3o Central, na madrugada desta quinta-feira, 23. De acordo com informa\u00e7\u00f5es da Pol\u00edcia Militar (PM), a v\u00edtima relatou que foi abordada pelo autor que, portando uma faca, anunciou o assalto e fugiu levando seu celular e a quantia de [&hellip;]<\/p>\n","protected":false},"author":96,"featured_media":85918,"comment_status":"closed","ping_status":"closed","sticky":false,"template":"","format":"standard","meta":{"footnotes":""},"categories":[301],"tags":[],"class_list":["post-85919","post","type-post","status-publish","format-standard","has-post-thumbnail","hentry","category-artigos-policiais"],"_links":{"self":[{"href":"https:\/\/diarioregionaldigital.com.br\/index.php?rest_route=\/wp\/v2\/posts\/85919","targetHints":{"allow":["GET"]}}],"collection":[{"href":"https:\/\/diarioregionaldigital.com.br\/index.php?rest_route=\/wp\/v2\/posts"}],"about":[{"href":"https:\/\/diarioregionaldigital.com.br\/index.php?rest_route=\/wp\/v2\/types\/post"}],"author":[{"embeddable":true,"href":"https:\/\/diarioregionaldigital.com.br\/index.php?rest_route=\/wp\/v2\/users\/96"}],"replies":[{"embeddable":true,"href":"https:\/\/diarioregionaldigital.com.br\/index.php?rest_route=%2Fwp%2Fv2%2Fcomments&post=85919"}],"version-history":[{"count":0,"href":"https:\/\/diarioregionaldigital.com.br\/index.php?rest_route=\/wp\/v2\/posts\/85919\/revisions"}],"wp:featuredmedia":[{"embeddable":true,"href":"https:\/\/diarioregionaldigital.com.br\/index.php?rest_route=\/wp\/v2\/media\/85918"}],"wp:attachment":[{"href":"https:\/\/diarioregionaldigital.com.br\/index.php?rest_route=%2Fwp%2Fv2%2Fmedia&parent=85919"}],"wp:term":[{"taxonomy":"category","embeddable":true,"href":"https:\/\/diarioregionaldigital.com.br\/index.php?rest_route=%2Fwp%2Fv2%2Fcategories&post=85919"},{"taxonomy":"post_tag","embeddable":true,"href":"https:\/\/diarioregionaldigital.com.br\/index.php?rest_route=%2Fwp%2Fv2%2Ftags&post=85919"}],"curies":[{"name":"wp","href":"https:\/\/api.w.org\/{rel}","templated":true}]}}