{"id":85917,"date":"2017-11-23T17:57:33","date_gmt":"2017-11-23T19:57:33","guid":{"rendered":"http:\/\/diarioregionaljf.com.br\/2017\/11\/23\/rodrigo-maia-diz-que-novo-texto-da-reforma-da-previdencia-garante-direitos\/"},"modified":"2017-11-23T17:57:33","modified_gmt":"2017-11-23T19:57:33","slug":"rodrigo-maia-diz-que-novo-texto-da-reforma-da-previdencia-garante-direitos","status":"publish","type":"post","link":"https:\/\/diarioregionaldigital.com.br\/?p=85917","title":{"rendered":"Rodrigo Maia diz que novo texto da reforma da Previd\u00eancia garante direitos"},"content":{"rendered":"<p>O presidente da C\u00e2mara, Rodrigo Maia (DEM-RJ), afirmou nesta quinta-feira, 23, que o encontro dessa quarta-feira, 22, \u00e0 noite entre o presidente Michel Temer, os deputados da base e alguns economistas vai ajudar a convencer os parlamentares a aprovar a reforma da Previd\u00eancia. Segundo Maia, o novo texto est\u00e1 mais bem explicado, porque prova que a reforma n\u00e3o vai retirar direitos.<\/p>\n<p>Ele reafirmou que o objetivo da reforma proposta pelo governo \u00e9 corrigir a distor\u00e7\u00e3o existente entre o setor p\u00fablico e privado.<\/p>\n<p>\u201cA comunica\u00e7\u00e3o no primeiro semestre ficou muito confusa, e gerou nas pessoas uma expectativa de que vinha para tirar direitos. A reforma vem para desmontar uma distor\u00e7\u00e3o na qual os que ganham menos financiam os que ganham mais. Se conseguirmos resolver isso, vamos conseguir uma economia muito grande\u201d, disse o presidente.<\/p>\n<p>Sobre a baixa ades\u00e3o dos deputados ao jantar oferecido pelo Planalto, Rodrigo Maia informou que ontem houve muitas atividades envolvendo parlamentares, como posse de ministro e sess\u00e3o do Congresso, e que isso pode ter contribuindo para o baixo qu\u00f3rum no encontro. Ele explicou que as apresenta\u00e7\u00f5es dos economistas foram did\u00e1ticas e ser\u00e3o utilizadas para convencer os parlamentares da import\u00e2ncia da reforma.<\/p>\n<p>&nbsp;<\/p>\n<h4>PRAZO<\/h4>\n<p>De acordo com o presidente da C\u00e2mara, a vers\u00e3o apresentada \u00e9 um pouco mais simples do que a aprovada em maio em uma comiss\u00e3o especial. Ela reduz o tempo de contribui\u00e7\u00e3o na iniciativa privada, mas mant\u00e9m as regras de transi\u00e7\u00e3o e as idades m\u00ednimas de aposentadoria no futuro.<\/p>\n<p>O texto exclui os artigos relativos ao trabalhador rural e \u00e0 concess\u00e3o do benef\u00edcio assistencial aos idosos e \u00e0s pessoas com defici\u00eancia (BPC). Para o servi\u00e7o p\u00fablico, n\u00e3o h\u00e1 mudan\u00e7as em rela\u00e7\u00e3o ao parecer da comiss\u00e3o especial.<\/p>\n<p>Maia reconheceu que o prazo para vota\u00e7\u00e3o \u00e9 curto, mas ressaltou que a reforma \u00e9 urgente. \u201cO que a gente faz? Deixa o Brasil entrar em 2018 e projeta para 2019 uma crise fiscal enorme que pode tirar investimentos e desmontar toda recupera\u00e7\u00e3o econ\u00f4mica dos \u00faltimos 12 meses?&#8221;, questionou.<\/p>\n<p>Fonte: Ag\u00eancia Brasil<\/p>\n","protected":false},"excerpt":{"rendered":"<p>O presidente da C\u00e2mara, Rodrigo Maia (DEM-RJ), afirmou nesta quinta-feira, 23, que o encontro dessa quarta-feira, 22, \u00e0 noite entre o presidente Michel Temer, os deputados da base e alguns economistas vai ajudar a convencer os parlamentares a aprovar a reforma da Previd\u00eancia. Segundo Maia, o novo texto est\u00e1 mais bem explicado, porque prova que [&hellip;]<\/p>\n","protected":false},"author":96,"featured_media":85916,"comment_status":"closed","ping_status":"closed","sticky":false,"template":"","format":"standard","meta":{"footnotes":""},"categories":[254],"tags":[],"class_list":["post-85917","post","type-post","status-publish","format-standard","has-post-thumbnail","hentry","category-politica"],"_links":{"self":[{"href":"https:\/\/diarioregionaldigital.com.br\/index.php?rest_route=\/wp\/v2\/posts\/85917","targetHints":{"allow":["GET"]}}],"collection":[{"href":"https:\/\/diarioregionaldigital.com.br\/index.php?rest_route=\/wp\/v2\/posts"}],"about":[{"href":"https:\/\/diarioregionaldigital.com.br\/index.php?rest_route=\/wp\/v2\/types\/post"}],"author":[{"embeddable":true,"href":"https:\/\/diarioregionaldigital.com.br\/index.php?rest_route=\/wp\/v2\/users\/96"}],"replies":[{"embeddable":true,"href":"https:\/\/diarioregionaldigital.com.br\/index.php?rest_route=%2Fwp%2Fv2%2Fcomments&post=85917"}],"version-history":[{"count":0,"href":"https:\/\/diarioregionaldigital.com.br\/index.php?rest_route=\/wp\/v2\/posts\/85917\/revisions"}],"wp:featuredmedia":[{"embeddable":true,"href":"https:\/\/diarioregionaldigital.com.br\/index.php?rest_route=\/wp\/v2\/media\/85916"}],"wp:attachment":[{"href":"https:\/\/diarioregionaldigital.com.br\/index.php?rest_route=%2Fwp%2Fv2%2Fmedia&parent=85917"}],"wp:term":[{"taxonomy":"category","embeddable":true,"href":"https:\/\/diarioregionaldigital.com.br\/index.php?rest_route=%2Fwp%2Fv2%2Fcategories&post=85917"},{"taxonomy":"post_tag","embeddable":true,"href":"https:\/\/diarioregionaldigital.com.br\/index.php?rest_route=%2Fwp%2Fv2%2Ftags&post=85917"}],"curies":[{"name":"wp","href":"https:\/\/api.w.org\/{rel}","templated":true}]}}