{"id":85911,"date":"2017-11-23T17:45:20","date_gmt":"2017-11-23T19:45:20","guid":{"rendered":"http:\/\/diarioregionaljf.com.br\/2017\/11\/23\/coloquio-do-programa-de-pos-graduacao-em-comunicacao-da-ufjf-recebe-ex-ministro-da-saude\/"},"modified":"2017-11-23T17:45:20","modified_gmt":"2017-11-23T19:45:20","slug":"coloquio-do-programa-de-pos-graduacao-em-comunicacao-da-ufjf-recebe-ex-ministro-da-saude","status":"publish","type":"post","link":"https:\/\/diarioregionaldigital.com.br\/?p=85911","title":{"rendered":"Col\u00f3quio do Programa de P\u00f3s-gradua\u00e7\u00e3o em Comunica\u00e7\u00e3o da UFJF recebe ex-Ministro da Sa\u00fade"},"content":{"rendered":"<p>Visando a promover o interc\u00e2mbio de conhecimentos entre os grupos de pesquisa do Programa de P\u00f3s-gradua\u00e7\u00e3o em Comunica\u00e7\u00e3o (PPGCom) e a estimular debates com diferentes interlocutores externos \u00e0 Universidade, ser\u00e1 realizado na Faculdade de Comunica\u00e7\u00e3o (Facom) da Universidade Federal de Juiz de Fora (UFJF), o I Col\u00f3quio de Pesquisa do PPGCom.<\/p>\n<p>O evento acontece entre os pr\u00f3ximos dias 27 e 29 e os interessados podem se inscrever gratuitamente, por meio de <a href=\"https:\/\/docs.google.com\/forms\/d\/e\/1FAIpQLSeH_JD7dJEReABX1CUWMdLf7G8JFbERpJzJnw_0kH1WhrX7iw\/viewform\" target=\"_blank\" rel=\"noopener noreferrer\">formul\u00e1rio on-line<\/a>, at\u00e9 a pr\u00f3xima sexta-feira, 24. O Col\u00f3quio emitir\u00e1 certificado para aqueles que participarem de 75% das atividades.<\/p>\n<p>Entre os convidados, est\u00e1 o m\u00e9dico sanitarista e ex-Ministro da Sa\u00fade do governo Lula, Jos\u00e9 Gomes Tempor\u00e3o, que ministrar\u00e1 a palestra de abertura sobre os desafios e perspectivas do Sistema \u00danico de Sa\u00fade (SUS). Professor e pesquisador titular aposentado da Funda\u00e7\u00e3o Oswaldo Cruz e membro titular da Academia Nacional de Medicina, Tempor\u00e3o tem experi\u00eancia na \u00e1rea de Sa\u00fade Coletiva com \u00eanfase em Gest\u00e3o e Planejamento em Sa\u00fade, atuando em temas como o SUS, vacinas, medicamentos e desenvolvimento. Confira a <a href=\"http:\/\/www.ufjf.br\/ppgcom\/2017\/11\/20\/ppgcom-promove-o-seu-primeiro-coloquio-de-pesquisa-com-convidados-especiais\/\" target=\"_blank\" rel=\"noopener noreferrer\">programa\u00e7\u00e3o completa do evento<\/a>.<\/p>\n<p>O Col\u00f3quio pretende tamb\u00e9m despertar debates sobre temas latentes da Comunica\u00e7\u00e3o, contando com palestras ministradas por convidados especialistas em diversas \u00e1reas e institui\u00e7\u00f5es de ensino do pa\u00eds. Para a coordenadora do programa, Gabriela Borges, &#8220;a presen\u00e7a dos convidados no evento ser\u00e1 muito rica, pois promover\u00e1 o di\u00e1logo sobre as pesquisas dos grupos, al\u00e9m de permitir aos alunos o contato com pesquisas que est\u00e3o sendo conduzidas em outras universidades e que apresentam pontos de contato com o que est\u00e1 sendo produzido no PPGCom&#8221;.<\/p>\n<p>Ainda segundo Gabriela, a ideia de promover o I Col\u00f3quio de Pesquisa partiu da import\u00e2ncia da apresenta\u00e7\u00e3o anual dos trabalhos desenvolvidos nos grupos de pesquisa. &#8220;Anteriormente, este espa\u00e7o era abrigado nas Jornadas Internas do PPGCom, mas como neste ano as Jornadas foram realizadas em conjunto com o Erecom (Encontro Regional de Comunica\u00e7\u00e3o), resolvemos criar o Col\u00f3quio de Pesquisa para promover este encontro entre professores e alunos&#8221;, explica.<\/p>\n<p>Para a coordenadora e docente do programa, este novo formato possibilita a participa\u00e7\u00e3o de interlocutores externos. &#8220;Esperamos que o Col\u00f3quio seja bastante produtivo n\u00e3o apenas para os alunos e professores do mestrado, como tamb\u00e9m para toda a comunidade acad\u00eamica, uma vez que contar\u00e1 com convidados importantes para a academia e a sociedade brasileira&#8221;, afirma.<\/p>\n<p>Al\u00e9m das palestras, ao longo dos tr\u00eas dias de evento ser\u00e3o realizados debates e apresenta\u00e7\u00f5es dos grupos de pesquisa: Sensus &#8211; Discursos em Comunica\u00e7\u00e3o e Sa\u00fade; Narrativas e Textualidades Contempor\u00e2neas; Comunica\u00e7\u00e3o, Cidade, Mem\u00f3ria e Cultura; M\u00eddia e Literatura; Redes, Ambientes Imersivos e Linguagens; Comunica\u00e7\u00e3o, Identidade e Cidadania, Laborat\u00f3rio de Jornalismo e Narrativas Audiovisuais e Laborat\u00f3rio de M\u00eddia Digital. As apresenta\u00e7\u00f5es contar\u00e3o com a presen\u00e7a do docente representante do grupo e dos alunos que o comp\u00f5em. As atividades acontecem no Anfiteatro da Facom.<\/p>\n<p>&nbsp;<\/p>\n<p>Fonte: Assessoria<\/p>\n","protected":false},"excerpt":{"rendered":"<p>Visando a promover o interc\u00e2mbio de conhecimentos entre os grupos de pesquisa do Programa de P\u00f3s-gradua\u00e7\u00e3o em Comunica\u00e7\u00e3o (PPGCom) e a estimular debates com diferentes interlocutores externos \u00e0 Universidade, ser\u00e1 realizado na Faculdade de Comunica\u00e7\u00e3o (Facom) da Universidade Federal de Juiz de Fora (UFJF), o I Col\u00f3quio de Pesquisa do PPGCom. O evento acontece entre [&hellip;]<\/p>\n","protected":false},"author":96,"featured_media":85910,"comment_status":"closed","ping_status":"closed","sticky":false,"template":"","format":"standard","meta":{"footnotes":""},"categories":[253],"tags":[],"class_list":["post-85911","post","type-post","status-publish","format-standard","has-post-thumbnail","hentry","category-cidade"],"_links":{"self":[{"href":"https:\/\/diarioregionaldigital.com.br\/index.php?rest_route=\/wp\/v2\/posts\/85911","targetHints":{"allow":["GET"]}}],"collection":[{"href":"https:\/\/diarioregionaldigital.com.br\/index.php?rest_route=\/wp\/v2\/posts"}],"about":[{"href":"https:\/\/diarioregionaldigital.com.br\/index.php?rest_route=\/wp\/v2\/types\/post"}],"author":[{"embeddable":true,"href":"https:\/\/diarioregionaldigital.com.br\/index.php?rest_route=\/wp\/v2\/users\/96"}],"replies":[{"embeddable":true,"href":"https:\/\/diarioregionaldigital.com.br\/index.php?rest_route=%2Fwp%2Fv2%2Fcomments&post=85911"}],"version-history":[{"count":0,"href":"https:\/\/diarioregionaldigital.com.br\/index.php?rest_route=\/wp\/v2\/posts\/85911\/revisions"}],"wp:featuredmedia":[{"embeddable":true,"href":"https:\/\/diarioregionaldigital.com.br\/index.php?rest_route=\/wp\/v2\/media\/85910"}],"wp:attachment":[{"href":"https:\/\/diarioregionaldigital.com.br\/index.php?rest_route=%2Fwp%2Fv2%2Fmedia&parent=85911"}],"wp:term":[{"taxonomy":"category","embeddable":true,"href":"https:\/\/diarioregionaldigital.com.br\/index.php?rest_route=%2Fwp%2Fv2%2Fcategories&post=85911"},{"taxonomy":"post_tag","embeddable":true,"href":"https:\/\/diarioregionaldigital.com.br\/index.php?rest_route=%2Fwp%2Fv2%2Ftags&post=85911"}],"curies":[{"name":"wp","href":"https:\/\/api.w.org\/{rel}","templated":true}]}}