{"id":85886,"date":"2017-11-23T12:56:14","date_gmt":"2017-11-23T14:56:14","guid":{"rendered":"http:\/\/diarioregionaljf.com.br\/2017\/11\/23\/concer-realiza-alteracoes-no-fluxo-de-trafego-da-br-040-em-petropolis\/"},"modified":"2017-11-23T12:56:14","modified_gmt":"2017-11-23T14:56:14","slug":"concer-realiza-alteracoes-no-fluxo-de-trafego-da-br-040-em-petropolis","status":"publish","type":"post","link":"https:\/\/diarioregionaldigital.com.br\/?p=85886","title":{"rendered":"Concer realiza altera\u00e7\u00f5es no fluxo de tr\u00e1fego da BR-040 em Petr\u00f3polis"},"content":{"rendered":"<p>Em raz\u00e3o da interdi\u00e7\u00e3o da BR-040, nas imedia\u00e7\u00f5es da Comunidade do Contorno, em Petr\u00f3polis (RJ), no sentido Rio de Janeiro, a Concer adotar\u00e1 as seguintes altera\u00e7\u00f5es no fluxo de tr\u00e1fego da rodovia:<\/p>\n<p>A pista sentido Juiz de Fora, na subida da Serra de Petr\u00f3polis, vai operar em m\u00e3o dupla, entre o km 81 (logo ap\u00f3s o T\u00fanel do Quitandinha) e o km 78. Esse trecho de 3 quil\u00f4metros ser\u00e1 devidamente sinalizado, permitindo o fluxo de tr\u00e1fego com seguran\u00e7a em ambos os sentidos.<\/p>\n<p>Para quem trafega no sentido Rio de Janeiro, o acesso ao trecho de m\u00e3o dupla se dar\u00e1 na altura do km 80\/RJ. O tr\u00e1fego seguir\u00e1 por m\u00e3o dupla at\u00e9 o retorno existente pouco antes do T\u00fanel do Quitandinha. O acesso e a sa\u00edda desse trecho passaram pelas adequa\u00e7\u00f5es de geometria necess\u00e1rias, cuja execu\u00e7\u00e3o foi iniciada j\u00e1 na \u00faltima semana.<br \/>As altera\u00e7\u00f5es foram compartilhadas com as autoridades competentes.<\/p>\n<p>O trecho de m\u00e3o dupla vai operar com velocidade limitada a 50km\/h. Ultrapassagens ser\u00e3o proibidas.<\/p>\n<p>A opera\u00e7\u00e3o da m\u00e3o dupla vai eliminar os desvios adotados desde o \u00faltimo dia 7 pela BR-393 (para carretas) e por vias municipais de Petr\u00f3polis (para autom\u00f3veis e ve\u00edculos leves de carga).<\/p>\n<p>A previs\u00e3o \u00e9 que o trecho de m\u00e3o dupla passe a operar a partir de quinta-feira (16 de novembro). A opera\u00e7\u00e3o poder\u00e1 ser adiada se houver condi\u00e7\u00f5es operacionais desfavor\u00e1veis.<\/p>\n<p>Motorista, redobre a prud\u00eancia ao trafegar pelo trecho, respeitando o limite de velocidade e a sinaliza\u00e7\u00e3o.<\/p>\n<p>Moradores do Contorno e imedia\u00e7\u00f5es, estejam atentos ao trecho de m\u00e3o dupla ao transitarem pela pista.<\/p>\n<p>Consulte o mapa com o trecho de m\u00e3o dupla.<\/p>\n<p><img loading=\"lazy\" decoding=\"async\" src=\"images\/conceraltera\u00e7\u00f5esbr.png\" alt=\"conceraltera\u00e7\u00f5esbr\" width=\"356\" height=\"571\" \/><\/p>\n<p>Fonte: Concer<\/p>\n","protected":false},"excerpt":{"rendered":"<p>Em raz\u00e3o da interdi\u00e7\u00e3o da BR-040, nas imedia\u00e7\u00f5es da Comunidade do Contorno, em Petr\u00f3polis (RJ), no sentido Rio de Janeiro, a Concer adotar\u00e1 as seguintes altera\u00e7\u00f5es no fluxo de tr\u00e1fego da rodovia: A pista sentido Juiz de Fora, na subida da Serra de Petr\u00f3polis, vai operar em m\u00e3o dupla, entre o km 81 (logo ap\u00f3s [&hellip;]<\/p>\n","protected":false},"author":96,"featured_media":85885,"comment_status":"closed","ping_status":"closed","sticky":false,"template":"","format":"standard","meta":{"footnotes":""},"categories":[252],"tags":[],"class_list":["post-85886","post","type-post","status-publish","format-standard","has-post-thumbnail","hentry","category-regiao"],"_links":{"self":[{"href":"https:\/\/diarioregionaldigital.com.br\/index.php?rest_route=\/wp\/v2\/posts\/85886","targetHints":{"allow":["GET"]}}],"collection":[{"href":"https:\/\/diarioregionaldigital.com.br\/index.php?rest_route=\/wp\/v2\/posts"}],"about":[{"href":"https:\/\/diarioregionaldigital.com.br\/index.php?rest_route=\/wp\/v2\/types\/post"}],"author":[{"embeddable":true,"href":"https:\/\/diarioregionaldigital.com.br\/index.php?rest_route=\/wp\/v2\/users\/96"}],"replies":[{"embeddable":true,"href":"https:\/\/diarioregionaldigital.com.br\/index.php?rest_route=%2Fwp%2Fv2%2Fcomments&post=85886"}],"version-history":[{"count":0,"href":"https:\/\/diarioregionaldigital.com.br\/index.php?rest_route=\/wp\/v2\/posts\/85886\/revisions"}],"wp:featuredmedia":[{"embeddable":true,"href":"https:\/\/diarioregionaldigital.com.br\/index.php?rest_route=\/wp\/v2\/media\/85885"}],"wp:attachment":[{"href":"https:\/\/diarioregionaldigital.com.br\/index.php?rest_route=%2Fwp%2Fv2%2Fmedia&parent=85886"}],"wp:term":[{"taxonomy":"category","embeddable":true,"href":"https:\/\/diarioregionaldigital.com.br\/index.php?rest_route=%2Fwp%2Fv2%2Fcategories&post=85886"},{"taxonomy":"post_tag","embeddable":true,"href":"https:\/\/diarioregionaldigital.com.br\/index.php?rest_route=%2Fwp%2Fv2%2Ftags&post=85886"}],"curies":[{"name":"wp","href":"https:\/\/api.w.org\/{rel}","templated":true}]}}