{"id":85884,"date":"2017-11-23T12:37:12","date_gmt":"2017-11-23T14:37:12","guid":{"rendered":"http:\/\/diarioregionaljf.com.br\/2017\/11\/23\/policia-civil-apura-homicidio-e-cumpre-mandados-de-prisao-preventiva-na-zona-leste\/"},"modified":"2017-11-23T12:37:12","modified_gmt":"2017-11-23T14:37:12","slug":"policia-civil-apura-homicidio-e-cumpre-mandados-de-prisao-preventiva-na-zona-leste","status":"publish","type":"post","link":"https:\/\/diarioregionaldigital.com.br\/?p=85884","title":{"rendered":"Pol\u00edcia Civil apura homic\u00eddio e cumpre mandados de pris\u00e3o preventiva na zona Leste"},"content":{"rendered":"<p>Na manh\u00e3 desta quarta-feira, 22, a Pol\u00edcia Civil de Minas Gerais deflagrou opera\u00e7\u00e3o policial nos bairros S\u00e3o Benedito, S\u00e3o Tarc\u00edsio, Marumbi e Progresso, em Juiz de Fora, com a finalidade de cumprir tr\u00eas mandados de pris\u00e3o preventiva. Ap\u00f3s investiga\u00e7\u00f5es, foram presos tr\u00eas homens, um de 20 e dois de 21 anos, suspeitos de envolvimento nas mortes de Tairine Lobo dos Santos, 26 anos, e Josiane Milit\u00e3o da Rocha, 43 anos.<\/p>\n<p>O crime aconteceu no dia 13 de outubro, no bairro S\u00e3o Benedito, onde as v\u00edtimas foram assassinadas a tiros. Outros dois homens, de 36 e 22 anos, que j\u00e1 se encontravam presos no Centro de Remanejamento do Sistema Prisional (Ceresp), em Juiz de Fora, tamb\u00e9m est\u00e3o envolvidos na morte das mulheres.<\/p>\n<p>Conforme informa\u00e7\u00f5es do titular da Delegacia Especializada de Homic\u00eddios, Delegado Rodrigo Rolli, o homem de 36 anos, que seria o chefe do tr\u00e1fico na regi\u00e3o, teria executado as v\u00edtimas.<\/p>\n<p>Investiga\u00e7\u00f5es apontam que o crime teria acontecido porque o filho de Josiane teria assassinado outro homem, no dia 11 de outubro, no bairro S\u00e3o Benedito. A motiva\u00e7\u00e3o tamb\u00e9m teria como pano de fundo o tr\u00e1fico de drogas.<\/p>\n<p>Ainda segundo o Delegado, esses suspeitos respondem por outros crimes ocorridos na regi\u00e3o do bairro. Segundo apurado, eles s\u00e3o integrantes de uma organiza\u00e7\u00e3o criminosa formada na regi\u00e3o conhecida como &#8220;baixada&#8221; do S\u00e3o Benedito.<\/p>\n<p>Os investigados ser\u00e3o encaminhados ao Ceresp em Juiz de Fora.<\/p>\n<p>Fonte: Assessoria \/ Pol\u00edcia Civil<\/p>\n","protected":false},"excerpt":{"rendered":"<p>Na manh\u00e3 desta quarta-feira, 22, a Pol\u00edcia Civil de Minas Gerais deflagrou opera\u00e7\u00e3o policial nos bairros S\u00e3o Benedito, S\u00e3o Tarc\u00edsio, Marumbi e Progresso, em Juiz de Fora, com a finalidade de cumprir tr\u00eas mandados de pris\u00e3o preventiva. Ap\u00f3s investiga\u00e7\u00f5es, foram presos tr\u00eas homens, um de 20 e dois de 21 anos, suspeitos de envolvimento nas [&hellip;]<\/p>\n","protected":false},"author":96,"featured_media":85883,"comment_status":"closed","ping_status":"closed","sticky":false,"template":"","format":"standard","meta":{"footnotes":""},"categories":[253],"tags":[],"class_list":["post-85884","post","type-post","status-publish","format-standard","has-post-thumbnail","hentry","category-cidade"],"_links":{"self":[{"href":"https:\/\/diarioregionaldigital.com.br\/index.php?rest_route=\/wp\/v2\/posts\/85884","targetHints":{"allow":["GET"]}}],"collection":[{"href":"https:\/\/diarioregionaldigital.com.br\/index.php?rest_route=\/wp\/v2\/posts"}],"about":[{"href":"https:\/\/diarioregionaldigital.com.br\/index.php?rest_route=\/wp\/v2\/types\/post"}],"author":[{"embeddable":true,"href":"https:\/\/diarioregionaldigital.com.br\/index.php?rest_route=\/wp\/v2\/users\/96"}],"replies":[{"embeddable":true,"href":"https:\/\/diarioregionaldigital.com.br\/index.php?rest_route=%2Fwp%2Fv2%2Fcomments&post=85884"}],"version-history":[{"count":0,"href":"https:\/\/diarioregionaldigital.com.br\/index.php?rest_route=\/wp\/v2\/posts\/85884\/revisions"}],"wp:featuredmedia":[{"embeddable":true,"href":"https:\/\/diarioregionaldigital.com.br\/index.php?rest_route=\/wp\/v2\/media\/85883"}],"wp:attachment":[{"href":"https:\/\/diarioregionaldigital.com.br\/index.php?rest_route=%2Fwp%2Fv2%2Fmedia&parent=85884"}],"wp:term":[{"taxonomy":"category","embeddable":true,"href":"https:\/\/diarioregionaldigital.com.br\/index.php?rest_route=%2Fwp%2Fv2%2Fcategories&post=85884"},{"taxonomy":"post_tag","embeddable":true,"href":"https:\/\/diarioregionaldigital.com.br\/index.php?rest_route=%2Fwp%2Fv2%2Ftags&post=85884"}],"curies":[{"name":"wp","href":"https:\/\/api.w.org\/{rel}","templated":true}]}}