{"id":85882,"date":"2017-11-23T12:00:45","date_gmt":"2017-11-23T14:00:45","guid":{"rendered":"http:\/\/diarioregionaljf.com.br\/2017\/11\/23\/jovem-e-assassinado-com-tiro-no-peito-no-bairro-benfica\/"},"modified":"2017-11-23T12:00:45","modified_gmt":"2017-11-23T14:00:45","slug":"jovem-e-assassinado-com-tiro-no-peito-no-bairro-benfica","status":"publish","type":"post","link":"https:\/\/diarioregionaldigital.com.br\/?p=85882","title":{"rendered":"Jovem \u00e9 assassinado com tiro no peito no bairro Benfica"},"content":{"rendered":"<p>Um jovem de 18 anos foi v\u00edtima de homic\u00eddio na tarde desta quarta-feira, 22, no bairro Benfica, localizado na zona Norte de Juiz de Fora.<\/p>\n<p>Segundo informa\u00e7\u00f5es do registro de ocorr\u00eancias, a Pol\u00edcia Militar (PM) se deslocou at\u00e9 a Rua Diogo \u00c1lvares, onde encontraram a v\u00edtima ca\u00edda ao solo, inconsciente, mas com sinais vitais evidentes.<\/p>\n<p>A viatura da PM encaminhou o jovem at\u00e9 a Unidade de Pronto Atendimento (UPA) Norte, onde foi atendido e constatado um orif\u00edcio por disparo de arma de fogo no lado direito do t\u00f3rax. A bala atingiu ambos os pulm\u00f5es da v\u00edtima, ocasionando uma parada card\u00edaca de 20 minutos. Diante do estado grave de sa\u00fade, o jovem foi encaminhado ao Hospital de Pronto Socorro (HPS), mas horas depois n\u00e3o resistiu e veio a \u00f3bito.<\/p>\n<p>Segundo relatos colhidos no local do crime, o autor aparentava ser jovem. Ele teria efetuado seis disparos com um rev\u00f3lver calibre 22 em dire\u00e7\u00e3o \u00e0 v\u00edtima. Ap\u00f3s o crime teria fugido em dire\u00e7\u00e3o \u00e0 Rua Evaristo da Veiga.<\/p>\n<p>De posse de tais informa\u00e7\u00f5es a PM segue em busca do autor do crime. At\u00e9 o momento ele n\u00e3o foi localizado.<\/p>\n","protected":false},"excerpt":{"rendered":"<p>Um jovem de 18 anos foi v\u00edtima de homic\u00eddio na tarde desta quarta-feira, 22, no bairro Benfica, localizado na zona Norte de Juiz de Fora. Segundo informa\u00e7\u00f5es do registro de ocorr\u00eancias, a Pol\u00edcia Militar (PM) se deslocou at\u00e9 a Rua Diogo \u00c1lvares, onde encontraram a v\u00edtima ca\u00edda ao solo, inconsciente, mas com sinais vitais evidentes. [&hellip;]<\/p>\n","protected":false},"author":96,"featured_media":85881,"comment_status":"closed","ping_status":"closed","sticky":false,"template":"","format":"standard","meta":{"footnotes":""},"categories":[301],"tags":[],"class_list":["post-85882","post","type-post","status-publish","format-standard","has-post-thumbnail","hentry","category-artigos-policiais"],"_links":{"self":[{"href":"https:\/\/diarioregionaldigital.com.br\/index.php?rest_route=\/wp\/v2\/posts\/85882","targetHints":{"allow":["GET"]}}],"collection":[{"href":"https:\/\/diarioregionaldigital.com.br\/index.php?rest_route=\/wp\/v2\/posts"}],"about":[{"href":"https:\/\/diarioregionaldigital.com.br\/index.php?rest_route=\/wp\/v2\/types\/post"}],"author":[{"embeddable":true,"href":"https:\/\/diarioregionaldigital.com.br\/index.php?rest_route=\/wp\/v2\/users\/96"}],"replies":[{"embeddable":true,"href":"https:\/\/diarioregionaldigital.com.br\/index.php?rest_route=%2Fwp%2Fv2%2Fcomments&post=85882"}],"version-history":[{"count":0,"href":"https:\/\/diarioregionaldigital.com.br\/index.php?rest_route=\/wp\/v2\/posts\/85882\/revisions"}],"wp:featuredmedia":[{"embeddable":true,"href":"https:\/\/diarioregionaldigital.com.br\/index.php?rest_route=\/wp\/v2\/media\/85881"}],"wp:attachment":[{"href":"https:\/\/diarioregionaldigital.com.br\/index.php?rest_route=%2Fwp%2Fv2%2Fmedia&parent=85882"}],"wp:term":[{"taxonomy":"category","embeddable":true,"href":"https:\/\/diarioregionaldigital.com.br\/index.php?rest_route=%2Fwp%2Fv2%2Fcategories&post=85882"},{"taxonomy":"post_tag","embeddable":true,"href":"https:\/\/diarioregionaldigital.com.br\/index.php?rest_route=%2Fwp%2Fv2%2Ftags&post=85882"}],"curies":[{"name":"wp","href":"https:\/\/api.w.org\/{rel}","templated":true}]}}