{"id":85880,"date":"2017-11-23T11:34:50","date_gmt":"2017-11-23T13:34:50","guid":{"rendered":"http:\/\/diarioregionaljf.com.br\/2017\/11\/23\/assaltante-ameaca-funcionaria-e-rouba-padaria-no-morro-da-gloria\/"},"modified":"2017-11-23T11:34:50","modified_gmt":"2017-11-23T13:34:50","slug":"assaltante-ameaca-funcionaria-e-rouba-padaria-no-morro-da-gloria","status":"publish","type":"post","link":"https:\/\/diarioregionaldigital.com.br\/?p=85880","title":{"rendered":"Assaltante amea\u00e7a funcion\u00e1ria e rouba padaria no Morro da Gl\u00f3ria"},"content":{"rendered":"<p>Uma padaria foi assaltada no in\u00edcio da manh\u00e3 desta quarta-feira, 22, no bairro Morro da Gl\u00f3ria, regi\u00e3o central de Juiz de Fora.<\/p>\n<p>De acordo com informa\u00e7\u00f5es do registro de ocorr\u00eancias da Pol\u00edcia Militar (PM), uma funcion\u00e1ria do estabelecimento, de 41 anos, encontrava-se no local, quando um indiv\u00edduo aproximou-se do caixa e anunciou o assalto.<\/p>\n<p>O autor estava com uma das m\u00e3os por debaixo da blusa e amea\u00e7ava a funcion\u00e1ria de que se n\u00e3o entregasse o dinheiro do caixa iria atirar em sua cabe\u00e7a.<\/p>\n<p>A v\u00edtima repassou a quantia de R$300 para o assaltante, que ap\u00f3s a a\u00e7\u00e3o fugiu em dire\u00e7\u00e3o ao centro da cidade.<\/p>\n<p>O estabelecimento possui c\u00e2meras de circuito interno e as imagens ser\u00e3o utilizadas para localizar o autor. A PM realizou buscas, mas at\u00e9 o momento ele n\u00e3o foi encontrado.<\/p>\n","protected":false},"excerpt":{"rendered":"<p>Uma padaria foi assaltada no in\u00edcio da manh\u00e3 desta quarta-feira, 22, no bairro Morro da Gl\u00f3ria, regi\u00e3o central de Juiz de Fora. De acordo com informa\u00e7\u00f5es do registro de ocorr\u00eancias da Pol\u00edcia Militar (PM), uma funcion\u00e1ria do estabelecimento, de 41 anos, encontrava-se no local, quando um indiv\u00edduo aproximou-se do caixa e anunciou o assalto. O [&hellip;]<\/p>\n","protected":false},"author":96,"featured_media":85879,"comment_status":"closed","ping_status":"closed","sticky":false,"template":"","format":"standard","meta":{"footnotes":""},"categories":[301],"tags":[],"class_list":["post-85880","post","type-post","status-publish","format-standard","has-post-thumbnail","hentry","category-artigos-policiais"],"_links":{"self":[{"href":"https:\/\/diarioregionaldigital.com.br\/index.php?rest_route=\/wp\/v2\/posts\/85880","targetHints":{"allow":["GET"]}}],"collection":[{"href":"https:\/\/diarioregionaldigital.com.br\/index.php?rest_route=\/wp\/v2\/posts"}],"about":[{"href":"https:\/\/diarioregionaldigital.com.br\/index.php?rest_route=\/wp\/v2\/types\/post"}],"author":[{"embeddable":true,"href":"https:\/\/diarioregionaldigital.com.br\/index.php?rest_route=\/wp\/v2\/users\/96"}],"replies":[{"embeddable":true,"href":"https:\/\/diarioregionaldigital.com.br\/index.php?rest_route=%2Fwp%2Fv2%2Fcomments&post=85880"}],"version-history":[{"count":0,"href":"https:\/\/diarioregionaldigital.com.br\/index.php?rest_route=\/wp\/v2\/posts\/85880\/revisions"}],"wp:featuredmedia":[{"embeddable":true,"href":"https:\/\/diarioregionaldigital.com.br\/index.php?rest_route=\/wp\/v2\/media\/85879"}],"wp:attachment":[{"href":"https:\/\/diarioregionaldigital.com.br\/index.php?rest_route=%2Fwp%2Fv2%2Fmedia&parent=85880"}],"wp:term":[{"taxonomy":"category","embeddable":true,"href":"https:\/\/diarioregionaldigital.com.br\/index.php?rest_route=%2Fwp%2Fv2%2Fcategories&post=85880"},{"taxonomy":"post_tag","embeddable":true,"href":"https:\/\/diarioregionaldigital.com.br\/index.php?rest_route=%2Fwp%2Fv2%2Ftags&post=85880"}],"curies":[{"name":"wp","href":"https:\/\/api.w.org\/{rel}","templated":true}]}}