{"id":85878,"date":"2017-11-23T11:01:44","date_gmt":"2017-11-23T13:01:44","guid":{"rendered":"http:\/\/diarioregionaljf.com.br\/2017\/11\/23\/jovem-tem-notebook-e-celular-roubados-por-dupla-em-moto-no-vale-do-ipe\/"},"modified":"2017-11-23T11:01:44","modified_gmt":"2017-11-23T13:01:44","slug":"jovem-tem-notebook-e-celular-roubados-por-dupla-em-moto-no-vale-do-ipe","status":"publish","type":"post","link":"https:\/\/diarioregionaldigital.com.br\/?p=85878","title":{"rendered":"Jovem tem notebook e celular roubados por dupla em moto no Vale do Ip\u00ea"},"content":{"rendered":"<p>Uma jovem de 28 anos foi assaltada por uma dupla em moto na manh\u00e3 desta quarta-feira, 22, no bairro Vale do Ip\u00ea, localizado na zona Noroeste de Juiz de Fora.<\/p>\n<p>De acordo com informa\u00e7\u00f5es do registro de ocorr\u00eancias da Pol\u00edcia Militar (PM), a jovem seguia pela Rua Ant\u00f4nio Fellet, quando percebeu a aproxima\u00e7\u00e3o de uma motocicleta com dois indiv\u00edduos.<\/p>\n<p>A dupla desceu da moto, anunciou o roubo e empurrou a v\u00edtima ao ch\u00e3o, fazendo com que sua bolsa viesse ao solo. Nesse momento, os autores pegaram a bolsa, com notebook, cart\u00e3o de cr\u00e9dito e o celular da jovem. A dupla subiu novamente na moto e fugiram rumo a um trevo do bairro.<\/p>\n<p>Durante o crime, os autores estavam com roupas de moletom, bon\u00e9s e capacetes, o que dificultou a identifica\u00e7\u00e3o dos mesmos.<\/p>\n<p>A PM realizou buscas pela regi\u00e3o, mas os assaltantes n\u00e3o foram localizados.<\/p>\n","protected":false},"excerpt":{"rendered":"<p>Uma jovem de 28 anos foi assaltada por uma dupla em moto na manh\u00e3 desta quarta-feira, 22, no bairro Vale do Ip\u00ea, localizado na zona Noroeste de Juiz de Fora. De acordo com informa\u00e7\u00f5es do registro de ocorr\u00eancias da Pol\u00edcia Militar (PM), a jovem seguia pela Rua Ant\u00f4nio Fellet, quando percebeu a aproxima\u00e7\u00e3o de uma [&hellip;]<\/p>\n","protected":false},"author":96,"featured_media":85877,"comment_status":"closed","ping_status":"closed","sticky":false,"template":"","format":"standard","meta":{"footnotes":""},"categories":[301],"tags":[],"class_list":["post-85878","post","type-post","status-publish","format-standard","has-post-thumbnail","hentry","category-artigos-policiais"],"_links":{"self":[{"href":"https:\/\/diarioregionaldigital.com.br\/index.php?rest_route=\/wp\/v2\/posts\/85878","targetHints":{"allow":["GET"]}}],"collection":[{"href":"https:\/\/diarioregionaldigital.com.br\/index.php?rest_route=\/wp\/v2\/posts"}],"about":[{"href":"https:\/\/diarioregionaldigital.com.br\/index.php?rest_route=\/wp\/v2\/types\/post"}],"author":[{"embeddable":true,"href":"https:\/\/diarioregionaldigital.com.br\/index.php?rest_route=\/wp\/v2\/users\/96"}],"replies":[{"embeddable":true,"href":"https:\/\/diarioregionaldigital.com.br\/index.php?rest_route=%2Fwp%2Fv2%2Fcomments&post=85878"}],"version-history":[{"count":0,"href":"https:\/\/diarioregionaldigital.com.br\/index.php?rest_route=\/wp\/v2\/posts\/85878\/revisions"}],"wp:featuredmedia":[{"embeddable":true,"href":"https:\/\/diarioregionaldigital.com.br\/index.php?rest_route=\/wp\/v2\/media\/85877"}],"wp:attachment":[{"href":"https:\/\/diarioregionaldigital.com.br\/index.php?rest_route=%2Fwp%2Fv2%2Fmedia&parent=85878"}],"wp:term":[{"taxonomy":"category","embeddable":true,"href":"https:\/\/diarioregionaldigital.com.br\/index.php?rest_route=%2Fwp%2Fv2%2Fcategories&post=85878"},{"taxonomy":"post_tag","embeddable":true,"href":"https:\/\/diarioregionaldigital.com.br\/index.php?rest_route=%2Fwp%2Fv2%2Ftags&post=85878"}],"curies":[{"name":"wp","href":"https:\/\/api.w.org\/{rel}","templated":true}]}}