{"id":85874,"date":"2017-11-22T22:57:50","date_gmt":"2017-11-23T00:57:50","guid":{"rendered":"http:\/\/diarioregionaljf.com.br\/2017\/11\/22\/sel-realiza-reuniao-para-avaliar-o-ranking-de-corridas-de-rua-2017\/"},"modified":"2017-11-22T22:57:50","modified_gmt":"2017-11-23T00:57:50","slug":"sel-realiza-reuniao-para-avaliar-o-ranking-de-corridas-de-rua-2017","status":"publish","type":"post","link":"https:\/\/diarioregionaldigital.com.br\/?p=85874","title":{"rendered":"SEL realiza reuni\u00e3o para avaliar o \u201cRanking de Corridas de Rua 2017\u201d"},"content":{"rendered":"<p>Faltando poucos dias para realiza\u00e7\u00e3o da \u00faltima prova do \u201cRanking de Corridas de Rua 2017\u201d, representantes das empresas organizadoras das etapas da competi\u00e7\u00e3o estiveram na sede da Secretaria de Esporte e Lazer (SEL) da Prefeitura de Juiz de Fora (PJF), na ter\u00e7a-feira, 21, juntos com membros da SEL e do Conselho Municipal de Desportos, para fazer o balan\u00e7o da competi\u00e7\u00e3o este ano.<\/p>\n<p>Foram levantados, ao longo da reuni\u00e3o, os pontos positivos e negativos, para que o ranking possa ter aumento de qualidade na realiza\u00e7\u00e3o de suas pr\u00f3ximas edi\u00e7\u00f5es. De acordo com o presidente do Conselho, Ant\u00f4nio Pereira de Carvalho Filho, &#8220;essa reuni\u00e3o contribuiu muito para o ranking, pois esse ano houve poucos problemas. Atrav\u00e9s do que foi discutido, pretendemos, junto com a SEL, reduzi-los ainda mais, e poderemos ver que isso \u00e9 muito positivo para a cidade&#8221;.<\/p>\n<p>De acordo com o gabinete da SEL, essa reuni\u00e3o refor\u00e7a o compromisso da pasta em manter o di\u00e1logo com as institui\u00e7\u00f5es, procurando sempre atender as demandas da comunidade.<\/p>\n<p>Para finalizar o ranking deste ano ser\u00e1 realizada, no s\u00e1bado, 25, a \u201c3\u00aa Corrida TecnoBit Night Run\/Prefeitura de Juiz de Fora\u201d, na Pra\u00e7a C\u00edvica da Universidade Federal de Juiz de Fora (UFJF), a partir das 20 horas. Essa \u00e9 a \u00fanica prova noturna do ranking desse ano. Em dezembro a SEL realizar\u00e1 o evento de encerramento da edi\u00e7\u00e3o 2017 da competi\u00e7\u00e3o, premiando as equipes e os atletas individuais, destaques no ano.<\/p>\n<p>O \u201c31\u00ba Ranking de Corridas de Rua de Juiz de Fora\u201d \u00e9 competi\u00e7\u00e3o anual, que contempla corredores da cidade e regi\u00e3o. O evento \u00e9 parceria entre PJF e iniciativa privada, sendo que as empresas vencedoras do processo de chamada p\u00fablica t\u00eam oportunidade de organizar corridas com apoio da SEL, atrav\u00e9s do Departamento de Inicia\u00e7\u00e3o, Forma\u00e7\u00e3o e Rendimento Esportivo.<\/p>\n","protected":false},"excerpt":{"rendered":"<p>Faltando poucos dias para realiza\u00e7\u00e3o da \u00faltima prova do \u201cRanking de Corridas de Rua 2017\u201d, representantes das empresas organizadoras das etapas da competi\u00e7\u00e3o estiveram na sede da Secretaria de Esporte e Lazer (SEL) da Prefeitura de Juiz de Fora (PJF), na ter\u00e7a-feira, 21, juntos com membros da SEL e do Conselho Municipal de Desportos, para [&hellip;]<\/p>\n","protected":false},"author":96,"featured_media":85873,"comment_status":"closed","ping_status":"closed","sticky":false,"template":"","format":"standard","meta":{"footnotes":""},"categories":[257],"tags":[],"class_list":["post-85874","post","type-post","status-publish","format-standard","has-post-thumbnail","hentry","category-esporte"],"_links":{"self":[{"href":"https:\/\/diarioregionaldigital.com.br\/index.php?rest_route=\/wp\/v2\/posts\/85874","targetHints":{"allow":["GET"]}}],"collection":[{"href":"https:\/\/diarioregionaldigital.com.br\/index.php?rest_route=\/wp\/v2\/posts"}],"about":[{"href":"https:\/\/diarioregionaldigital.com.br\/index.php?rest_route=\/wp\/v2\/types\/post"}],"author":[{"embeddable":true,"href":"https:\/\/diarioregionaldigital.com.br\/index.php?rest_route=\/wp\/v2\/users\/96"}],"replies":[{"embeddable":true,"href":"https:\/\/diarioregionaldigital.com.br\/index.php?rest_route=%2Fwp%2Fv2%2Fcomments&post=85874"}],"version-history":[{"count":0,"href":"https:\/\/diarioregionaldigital.com.br\/index.php?rest_route=\/wp\/v2\/posts\/85874\/revisions"}],"wp:featuredmedia":[{"embeddable":true,"href":"https:\/\/diarioregionaldigital.com.br\/index.php?rest_route=\/wp\/v2\/media\/85873"}],"wp:attachment":[{"href":"https:\/\/diarioregionaldigital.com.br\/index.php?rest_route=%2Fwp%2Fv2%2Fmedia&parent=85874"}],"wp:term":[{"taxonomy":"category","embeddable":true,"href":"https:\/\/diarioregionaldigital.com.br\/index.php?rest_route=%2Fwp%2Fv2%2Fcategories&post=85874"},{"taxonomy":"post_tag","embeddable":true,"href":"https:\/\/diarioregionaldigital.com.br\/index.php?rest_route=%2Fwp%2Fv2%2Ftags&post=85874"}],"curies":[{"name":"wp","href":"https:\/\/api.w.org\/{rel}","templated":true}]}}