{"id":85869,"date":"2017-11-22T22:32:08","date_gmt":"2017-11-23T00:32:08","guid":{"rendered":"http:\/\/diarioregionaljf.com.br\/2017\/11\/22\/secretaria-de-obras-retira-terra-da-rua-bernardo-mascarenhas\/"},"modified":"2017-11-22T22:32:08","modified_gmt":"2017-11-23T00:32:08","slug":"secretaria-de-obras-retira-terra-da-rua-bernardo-mascarenhas","status":"publish","type":"post","link":"https:\/\/diarioregionaldigital.com.br\/?p=85869","title":{"rendered":"Secretaria de Obras retira terra da Rua Bernardo Mascarenhas"},"content":{"rendered":"<p>Na manh\u00e3 desta quarta, 22, a Secretaria de Obras (SO) realizou a retirada de terra e galhos de \u00e1rvores que deslizaram de um talude localizado na Rua Bernardo Mascarenhas, no trecho conhecido como &#8220;curva da mis\u00e9ria&#8221;, no Bairro F\u00e1brica, Regi\u00e3o Norte da cidade. Ao todo, foram retirados quatro caminh\u00f5es e, ap\u00f3s a finaliza\u00e7\u00e3o do servi\u00e7o, o tr\u00e2nsito ser\u00e1 liberado. Durante a manh\u00e3, o tr\u00e2nsito fluiu no esquema &#8220;pare e siga&#8221; com o aux\u00edlio de agentes da Settra.<\/p>\n<p>A mesma equipe atua, ainda, na retirada de entulhos no bairro Jardim Esperan\u00e7a, onde aconteceu um deslizamento na segunda. Al\u00e9m disso, nos bairros Milho Branco e Monte Castelo, tamb\u00e9m ser\u00e1 feita a retirada de entulhos para que se evite poss\u00edveis focos de dengue e entupimento de bocas de lobo. &#8220;\u00c9 fundamental que a popula\u00e7\u00e3o se conscientize e n\u00e3o fa\u00e7a descarte irregular de entulho, pois pode ser foco do mosquito transmissor da dengue, zyka e chikungunya, al\u00e9m de poder ser carreado pelas chuvas para as bocas de lobo, impedindo assim, o seu funcionamento, ou seja, o escoamento da \u00e1gua das chuvas, podendo gerar, em alguns casos, pontos de alagamentos&#8221;, esclarece o subsecret\u00e1rio de Opera\u00e7\u00e3o Urbana da SO, Jos\u00e9 Walter \u00c1vila.<\/p>\n<hr \/>\n<p>&nbsp;Fonte: Assessoria<\/p>\n","protected":false},"excerpt":{"rendered":"<p>Na manh\u00e3 desta quarta, 22, a Secretaria de Obras (SO) realizou a retirada de terra e galhos de \u00e1rvores que deslizaram de um talude localizado na Rua Bernardo Mascarenhas, no trecho conhecido como &#8220;curva da mis\u00e9ria&#8221;, no Bairro F\u00e1brica, Regi\u00e3o Norte da cidade. Ao todo, foram retirados quatro caminh\u00f5es e, ap\u00f3s a finaliza\u00e7\u00e3o do servi\u00e7o, [&hellip;]<\/p>\n","protected":false},"author":96,"featured_media":85868,"comment_status":"closed","ping_status":"closed","sticky":false,"template":"","format":"standard","meta":{"footnotes":""},"categories":[253],"tags":[],"class_list":["post-85869","post","type-post","status-publish","format-standard","has-post-thumbnail","hentry","category-cidade"],"_links":{"self":[{"href":"https:\/\/diarioregionaldigital.com.br\/index.php?rest_route=\/wp\/v2\/posts\/85869","targetHints":{"allow":["GET"]}}],"collection":[{"href":"https:\/\/diarioregionaldigital.com.br\/index.php?rest_route=\/wp\/v2\/posts"}],"about":[{"href":"https:\/\/diarioregionaldigital.com.br\/index.php?rest_route=\/wp\/v2\/types\/post"}],"author":[{"embeddable":true,"href":"https:\/\/diarioregionaldigital.com.br\/index.php?rest_route=\/wp\/v2\/users\/96"}],"replies":[{"embeddable":true,"href":"https:\/\/diarioregionaldigital.com.br\/index.php?rest_route=%2Fwp%2Fv2%2Fcomments&post=85869"}],"version-history":[{"count":0,"href":"https:\/\/diarioregionaldigital.com.br\/index.php?rest_route=\/wp\/v2\/posts\/85869\/revisions"}],"wp:featuredmedia":[{"embeddable":true,"href":"https:\/\/diarioregionaldigital.com.br\/index.php?rest_route=\/wp\/v2\/media\/85868"}],"wp:attachment":[{"href":"https:\/\/diarioregionaldigital.com.br\/index.php?rest_route=%2Fwp%2Fv2%2Fmedia&parent=85869"}],"wp:term":[{"taxonomy":"category","embeddable":true,"href":"https:\/\/diarioregionaldigital.com.br\/index.php?rest_route=%2Fwp%2Fv2%2Fcategories&post=85869"},{"taxonomy":"post_tag","embeddable":true,"href":"https:\/\/diarioregionaldigital.com.br\/index.php?rest_route=%2Fwp%2Fv2%2Ftags&post=85869"}],"curies":[{"name":"wp","href":"https:\/\/api.w.org\/{rel}","templated":true}]}}