{"id":85867,"date":"2017-11-22T22:29:53","date_gmt":"2017-11-23T00:29:53","guid":{"rendered":"http:\/\/diarioregionaljf.com.br\/2017\/11\/22\/pesquisa-registra-queda-de-0-61-no-preco-medio-do-leite-tipo-c\/"},"modified":"2017-11-22T22:29:53","modified_gmt":"2017-11-23T00:29:53","slug":"pesquisa-registra-queda-de-0-61-no-preco-medio-do-leite-tipo-c","status":"publish","type":"post","link":"https:\/\/diarioregionaldigital.com.br\/?p=85867","title":{"rendered":"Pesquisa registra queda de 0,61% no pre\u00e7o m\u00e9dio do leite tipo C"},"content":{"rendered":"<p>Em rela\u00e7\u00e3o \u00e0 semana passada, o pre\u00e7o m\u00e9dio do leite tipo C apresentou queda de 0,61%, passando a custar R$2,954. Os dados foram apurados nesta quarta-feira, 22, pela Secretaria de Agropecu\u00e1ria e Abastecimento (SAA) da Prefeitura de Juiz de Fora (PJF).<\/p>\n<p>Os valores m\u00e1ximo e m\u00ednimo n\u00e3o sofreram altera\u00e7\u00f5es, permanecendo em R$3,80 e R$2,50, respectivamente. A varia\u00e7\u00e3o em rela\u00e7\u00e3o a igual per\u00edodo do ano passado foi de 8%, para menos.<\/p>\n<p>A pesquisa foi aferida pelo Departamento de Fomento Agropecu\u00e1rio, Promo\u00e7\u00e3o Rural e Informa\u00e7\u00e3o (Dfapri) da SAA em 53 estabelecimentos, localizados nas oito regi\u00f5es do munic\u00edpio, com objetivo de manter a popula\u00e7\u00e3o informada sobre as varia\u00e7\u00f5es de pre\u00e7o do produto.<\/p>\n<p>\u00c9 atrav\u00e9s do percentual do valor m\u00e9dio de comercializa\u00e7\u00e3o que os latic\u00ednios estabelecem o pre\u00e7o do leite in natura com produtores da cidade e regi\u00e3o.<\/p>\n","protected":false},"excerpt":{"rendered":"<p>Em rela\u00e7\u00e3o \u00e0 semana passada, o pre\u00e7o m\u00e9dio do leite tipo C apresentou queda de 0,61%, passando a custar R$2,954. Os dados foram apurados nesta quarta-feira, 22, pela Secretaria de Agropecu\u00e1ria e Abastecimento (SAA) da Prefeitura de Juiz de Fora (PJF). Os valores m\u00e1ximo e m\u00ednimo n\u00e3o sofreram altera\u00e7\u00f5es, permanecendo em R$3,80 e R$2,50, respectivamente. [&hellip;]<\/p>\n","protected":false},"author":96,"featured_media":85866,"comment_status":"closed","ping_status":"closed","sticky":false,"template":"","format":"standard","meta":{"footnotes":""},"categories":[261],"tags":[],"class_list":["post-85867","post","type-post","status-publish","format-standard","has-post-thumbnail","hentry","category-economia"],"_links":{"self":[{"href":"https:\/\/diarioregionaldigital.com.br\/index.php?rest_route=\/wp\/v2\/posts\/85867","targetHints":{"allow":["GET"]}}],"collection":[{"href":"https:\/\/diarioregionaldigital.com.br\/index.php?rest_route=\/wp\/v2\/posts"}],"about":[{"href":"https:\/\/diarioregionaldigital.com.br\/index.php?rest_route=\/wp\/v2\/types\/post"}],"author":[{"embeddable":true,"href":"https:\/\/diarioregionaldigital.com.br\/index.php?rest_route=\/wp\/v2\/users\/96"}],"replies":[{"embeddable":true,"href":"https:\/\/diarioregionaldigital.com.br\/index.php?rest_route=%2Fwp%2Fv2%2Fcomments&post=85867"}],"version-history":[{"count":0,"href":"https:\/\/diarioregionaldigital.com.br\/index.php?rest_route=\/wp\/v2\/posts\/85867\/revisions"}],"wp:featuredmedia":[{"embeddable":true,"href":"https:\/\/diarioregionaldigital.com.br\/index.php?rest_route=\/wp\/v2\/media\/85866"}],"wp:attachment":[{"href":"https:\/\/diarioregionaldigital.com.br\/index.php?rest_route=%2Fwp%2Fv2%2Fmedia&parent=85867"}],"wp:term":[{"taxonomy":"category","embeddable":true,"href":"https:\/\/diarioregionaldigital.com.br\/index.php?rest_route=%2Fwp%2Fv2%2Fcategories&post=85867"},{"taxonomy":"post_tag","embeddable":true,"href":"https:\/\/diarioregionaldigital.com.br\/index.php?rest_route=%2Fwp%2Fv2%2Ftags&post=85867"}],"curies":[{"name":"wp","href":"https:\/\/api.w.org\/{rel}","templated":true}]}}