{"id":85865,"date":"2017-11-22T22:26:22","date_gmt":"2017-11-23T00:26:22","guid":{"rendered":"http:\/\/diarioregionaljf.com.br\/2017\/11\/22\/moradores-do-condominio-vivendas-belo-valle-ja-podem-regularizar-divida-com-cesama\/"},"modified":"2017-11-22T22:26:22","modified_gmt":"2017-11-23T00:26:22","slug":"moradores-do-condominio-vivendas-belo-valle-ja-podem-regularizar-divida-com-cesama","status":"publish","type":"post","link":"https:\/\/diarioregionaldigital.com.br\/?p=85865","title":{"rendered":"Moradores do Condom\u00ednio Vivendas Belo Valle j\u00e1 podem regularizar d\u00edvida com Cesama"},"content":{"rendered":"<p>A Companhia de Saneamento Municipal (Cesama) est\u00e1 oferecendo servi\u00e7os de medi\u00e7\u00e3o de consumo individualizada e parcelamento da d\u00edvida relativa ao im\u00f3vel para os moradores do Condom\u00ednio Vivendas do Belo Vale, no Bairro S\u00e3o Geraldo.<\/p>\n<p>Os usu\u00e1rios devem comparecer \u00e0 Ag\u00eancia de Atendimento da Cesama at\u00e9 1\u00ba de dezembro, para assinatura do termo de parcelamento de d\u00edvidas e solicita\u00e7\u00e3o da individualiza\u00e7\u00e3o de \u00e1gua de seu im\u00f3vel. A unidade conta com caixa exclusivo para os servi\u00e7os.<\/p>\n<p>O Condom\u00ednio Vivendas do Belo Vale, at\u00e9 ent\u00e3o, era atendido com apenas um hidr\u00f4metro, e o consumo era dividido entre os moradores. Sendo assim, havendo d\u00e9bito ou inadimpl\u00eancia do condom\u00ednio junto \u00e0 companhia, todos os moradores acabavam sendo afetados com o corte de \u00e1gua, por exemplo.<\/p>\n<p>Para solucionar o problema, foi atribu\u00eddo consumo m\u00e9dio, de acordo com o perfil dos usu\u00e1rios do im\u00f3vel, e os propriet\u00e1rios assumir\u00e3o a parcela da d\u00edvida do condom\u00ednio que lhes cabe, optando, ainda, pela individualiza\u00e7\u00e3o de hidr\u00f4metros, que ser\u00e1 poss\u00edvel a partir de agora.<\/p>\n<p>Segundo o diretor de Desenvolvimento e Expans\u00e3o da Cesama, Marcelo Mello do Amaral, a iniciativa s\u00f3 foi poss\u00edvel gra\u00e7as ao trabalho que vem sendo desenvolvido desde 2015, em parceria com a C\u00e2mara Municipal, Caixa Econ\u00f4mica Federal, Empresa Regional de Habita\u00e7\u00e3o (Emcasa), Secretaria de Desenvolvimento Social e a associa\u00e7\u00e3o de moradores local: \u201cDesde ent\u00e3o, tivemos que seguir uma s\u00e9rie de pr\u00e9-requisitos para garantir a correta execu\u00e7\u00e3o legal e operacional dos nossos servi\u00e7os, incluindo a remodela\u00e7\u00e3o da rede de \u00e1gua do im\u00f3vel\u201d.<\/p>\n<p>A gerente comercial da Cesama, Maristela Soran\u00e7o Miranda, explicou que \u00e9 necess\u00e1rio levar identidade, Cadastro de Pessoa F\u00edsica (CPF) e registro do im\u00f3vel ou o termo assinado junto \u00e0 Caixa Econ\u00f4mica: \u201cCaso esteja cadastrado no Cad\u00danico, o cidad\u00e3o pode levar o cart\u00e3o do benef\u00edcio para obter a nossa tarifa social, que oferece descontos de at\u00e9 40% para categoria residencial unifamiliar, dependendo da faixa de consumo\u201d.<\/p>\n<p>A Ag\u00eancia de Atendimento da Cesama fica na Avenida Get\u00falio Vargas, 1.001, Centro, e funciona de segunda a sexta-feira, de 7h30 \u00e0s 18 horas.<\/p>\n<hr \/>\n<p>&nbsp;Fonte: Ag\u00eancia Brasil<\/p>\n","protected":false},"excerpt":{"rendered":"<p>A Companhia de Saneamento Municipal (Cesama) est\u00e1 oferecendo servi\u00e7os de medi\u00e7\u00e3o de consumo individualizada e parcelamento da d\u00edvida relativa ao im\u00f3vel para os moradores do Condom\u00ednio Vivendas do Belo Vale, no Bairro S\u00e3o Geraldo. Os usu\u00e1rios devem comparecer \u00e0 Ag\u00eancia de Atendimento da Cesama at\u00e9 1\u00ba de dezembro, para assinatura do termo de parcelamento de [&hellip;]<\/p>\n","protected":false},"author":96,"featured_media":85864,"comment_status":"closed","ping_status":"closed","sticky":false,"template":"","format":"standard","meta":{"footnotes":""},"categories":[253],"tags":[],"class_list":["post-85865","post","type-post","status-publish","format-standard","has-post-thumbnail","hentry","category-cidade"],"_links":{"self":[{"href":"https:\/\/diarioregionaldigital.com.br\/index.php?rest_route=\/wp\/v2\/posts\/85865","targetHints":{"allow":["GET"]}}],"collection":[{"href":"https:\/\/diarioregionaldigital.com.br\/index.php?rest_route=\/wp\/v2\/posts"}],"about":[{"href":"https:\/\/diarioregionaldigital.com.br\/index.php?rest_route=\/wp\/v2\/types\/post"}],"author":[{"embeddable":true,"href":"https:\/\/diarioregionaldigital.com.br\/index.php?rest_route=\/wp\/v2\/users\/96"}],"replies":[{"embeddable":true,"href":"https:\/\/diarioregionaldigital.com.br\/index.php?rest_route=%2Fwp%2Fv2%2Fcomments&post=85865"}],"version-history":[{"count":0,"href":"https:\/\/diarioregionaldigital.com.br\/index.php?rest_route=\/wp\/v2\/posts\/85865\/revisions"}],"wp:featuredmedia":[{"embeddable":true,"href":"https:\/\/diarioregionaldigital.com.br\/index.php?rest_route=\/wp\/v2\/media\/85864"}],"wp:attachment":[{"href":"https:\/\/diarioregionaldigital.com.br\/index.php?rest_route=%2Fwp%2Fv2%2Fmedia&parent=85865"}],"wp:term":[{"taxonomy":"category","embeddable":true,"href":"https:\/\/diarioregionaldigital.com.br\/index.php?rest_route=%2Fwp%2Fv2%2Fcategories&post=85865"},{"taxonomy":"post_tag","embeddable":true,"href":"https:\/\/diarioregionaldigital.com.br\/index.php?rest_route=%2Fwp%2Fv2%2Ftags&post=85865"}],"curies":[{"name":"wp","href":"https:\/\/api.w.org\/{rel}","templated":true}]}}