{"id":85863,"date":"2017-11-22T22:23:42","date_gmt":"2017-11-23T00:23:42","guid":{"rendered":"http:\/\/diarioregionaljf.com.br\/2017\/11\/22\/funalfa-promove-oficina-gratuita-de-elaboracao-de-projetos-de-danca\/"},"modified":"2017-11-22T22:23:42","modified_gmt":"2017-11-23T00:23:42","slug":"funalfa-promove-oficina-gratuita-de-elaboracao-de-projetos-de-danca","status":"publish","type":"post","link":"https:\/\/diarioregionaldigital.com.br\/?p=85863","title":{"rendered":"Funalfa promove oficina gratuita de elabora\u00e7\u00e3o de projetos de dan\u00e7a"},"content":{"rendered":"<p>A Funda\u00e7\u00e3o Cultural \u201cAlfredo Ferreira Lage\u201d (Funalfa) promover\u00e1 no domingo, 26, \u00e0s 14 horas, oficina de elabora\u00e7\u00e3o de projetos na \u00e1rea da dan\u00e7a. O evento ser\u00e1 ministrado pela artista e pesquisadora Ana Paula Emerick, que atua com processos de cria\u00e7\u00e3o e imers\u00e3o corporal.<\/p>\n<p>A participa\u00e7\u00e3o \u00e9 gratuita e a inscri\u00e7\u00e3o dever\u00e1 ser feita pelo e-mail festdan\u00e7ajf@gmail.com, at\u00e9 s\u00e1bado, 25. O encontro acontecer\u00e1 no Anfiteatro \u201cJo\u00e3o Carri\u00e7o\u201d, na sede da Funalfa (Avenida Bar\u00e3o do Rio Branco, 2.234, Centro).<\/p>\n<p><strong>Curr\u00edculo<\/strong><\/p>\n<p>Artista sonora e visual, Ana integra projetos e participa de resid\u00eancias e de exposi\u00e7\u00f5es como \u201cTrans-In-Corporados\u201d (Museu de Arte do Rio\/LabCr\u00edtica\/Festival Panorama, 2017); \u201cFoz Afora\u201d (Rumos Ita\u00fa Cultural, 2017); \u201cPavilh\u00e3o\u201d (Casa Fran\u00e7a-Brasil\/A Mesa, 2016); \u201cVolume Morto\u201d (Servi\u00e7o Social do Com\u00e9rcio &#8211; Sesc Copacabana\/Coletivo L\u00edquida A\u00e7\u00e3o, 2016); \u201cAgora Somos Mais de mil\u201d (Parque Lage\/Programa Curador Visitante, 2016); Morro (Espa\u00e7o A Mesa, 2015); \u201cComo Rasurar a Paisagem\u201d (Rumos Ita\u00fa Cultural, 2015); \u201c44\u00ba Sal\u00e3o Nov\u00edssimos\u201d (Galeria do Instituto Brasil Estados Unidos &#8211; Ibeu, 2014); \u201cDouble-Mouth\/Dupla-Boca\u201d (Brasil\/Noruega, 2013).<\/p>\n<p>Bacharel em m\u00fasica (Universidade Estadual de Campinas &#8211; Unicamp, 2002), mestre em artes visuais (Universidade Estadual do Rio de Janeiro &#8211; Uerj, 2015), frequentou cursos livres nas escolas de Artes Visuais do Parque Lage (EAV) e na de Dan\u00e7a Angel Vianna.<\/p>\n<p>Atuou como regente \u00e0 frente de orquestras e coros e na coordena\u00e7\u00e3o de projetos musicais na Funda\u00e7\u00e3o Orquestra Sinf\u00f4nica do Estado de S\u00e3o Paulo (Osesp) e Orquestra Petrobras Sinf\u00f4nica.<\/p>\n<p>Colaborou em trabalhos, como performer, em temporadas na Bienal Sesc de Dan\u00e7a, Centro Cultural S\u00e3o Paulo, Panorama do Servi\u00e7o Social da Ind\u00fastria (Sesi) de Dan\u00e7a. Desenvolve o projeto \u201cAtelier da Escuta\u201d, desde 2011.<\/p>\n<hr \/>\n<p>&nbsp;Fonte: Assessoria<\/p>\n","protected":false},"excerpt":{"rendered":"<p>A Funda\u00e7\u00e3o Cultural \u201cAlfredo Ferreira Lage\u201d (Funalfa) promover\u00e1 no domingo, 26, \u00e0s 14 horas, oficina de elabora\u00e7\u00e3o de projetos na \u00e1rea da dan\u00e7a. O evento ser\u00e1 ministrado pela artista e pesquisadora Ana Paula Emerick, que atua com processos de cria\u00e7\u00e3o e imers\u00e3o corporal. A participa\u00e7\u00e3o \u00e9 gratuita e a inscri\u00e7\u00e3o dever\u00e1 ser feita pelo e-mail [&hellip;]<\/p>\n","protected":false},"author":96,"featured_media":85862,"comment_status":"closed","ping_status":"closed","sticky":false,"template":"","format":"standard","meta":{"footnotes":""},"categories":[256],"tags":[],"class_list":["post-85863","post","type-post","status-publish","format-standard","has-post-thumbnail","hentry","category-cultura"],"_links":{"self":[{"href":"https:\/\/diarioregionaldigital.com.br\/index.php?rest_route=\/wp\/v2\/posts\/85863","targetHints":{"allow":["GET"]}}],"collection":[{"href":"https:\/\/diarioregionaldigital.com.br\/index.php?rest_route=\/wp\/v2\/posts"}],"about":[{"href":"https:\/\/diarioregionaldigital.com.br\/index.php?rest_route=\/wp\/v2\/types\/post"}],"author":[{"embeddable":true,"href":"https:\/\/diarioregionaldigital.com.br\/index.php?rest_route=\/wp\/v2\/users\/96"}],"replies":[{"embeddable":true,"href":"https:\/\/diarioregionaldigital.com.br\/index.php?rest_route=%2Fwp%2Fv2%2Fcomments&post=85863"}],"version-history":[{"count":0,"href":"https:\/\/diarioregionaldigital.com.br\/index.php?rest_route=\/wp\/v2\/posts\/85863\/revisions"}],"wp:featuredmedia":[{"embeddable":true,"href":"https:\/\/diarioregionaldigital.com.br\/index.php?rest_route=\/wp\/v2\/media\/85862"}],"wp:attachment":[{"href":"https:\/\/diarioregionaldigital.com.br\/index.php?rest_route=%2Fwp%2Fv2%2Fmedia&parent=85863"}],"wp:term":[{"taxonomy":"category","embeddable":true,"href":"https:\/\/diarioregionaldigital.com.br\/index.php?rest_route=%2Fwp%2Fv2%2Fcategories&post=85863"},{"taxonomy":"post_tag","embeddable":true,"href":"https:\/\/diarioregionaldigital.com.br\/index.php?rest_route=%2Fwp%2Fv2%2Ftags&post=85863"}],"curies":[{"name":"wp","href":"https:\/\/api.w.org\/{rel}","templated":true}]}}