{"id":85859,"date":"2017-11-22T22:06:53","date_gmt":"2017-11-23T00:06:53","guid":{"rendered":"http:\/\/diarioregionaljf.com.br\/2017\/11\/22\/campeonato-internacional-de-gatos-de-raca-acontece-no-final-de-semana-em-jf\/"},"modified":"2017-11-22T22:06:53","modified_gmt":"2017-11-23T00:06:53","slug":"campeonato-internacional-de-gatos-de-raca-acontece-no-final-de-semana-em-jf","status":"publish","type":"post","link":"https:\/\/diarioregionaldigital.com.br\/?p=85859","title":{"rendered":"Campeonato internacional de gatos de ra\u00e7a acontece no final de semana em JF"},"content":{"rendered":"<p>Um campeonato de gatos de ra\u00e7a promete encantar os visitantes da \u201c1\u00aa Expo Gatos de Juiz de Fora e Regi\u00e3o\u201d, no final de semana. A cada dia ser\u00e3o eleitos os melhores exemplares dos bichanos, de acordo com \u201cclasse\u201d; \u201ccor\u201d; \u201cra\u00e7a\u201d e \u201ccategoria\u201d.<\/p>\n<p>A avalia\u00e7\u00e3o ser\u00e1 feita pelos ju\u00edzes alem\u00e3es Mrs. Britta Busse e Mr. Dietmar Sagursky, e o brasileiro Hugo Cavalheiro, presidente da Associa\u00e7\u00e3o da Ra\u00e7a Maine Coon no Brasil. Os vencedores acumulam pontos para posi\u00e7\u00f5es no ranking nacional.<\/p>\n<p>Pela primeira vez na cidade, a Expo Gatos reunir\u00e1 cerca de cem gatos de diversas ra\u00e7as ex\u00f3ticas, nos dias 25 e 26, s\u00e1bado e domingo, no Gran Victory Hotel (Av. Presidente Itamar Franco, 3.800, Cascatinha).<\/p>\n<p>A entrada \u00e9 gratuita e o visitante poder\u00e1 doar um sach\u00ea ou lata de alimento para gatos a uma organiza\u00e7\u00e3o n\u00e3o governamental (ONG) da cidade. O evento \u00e9 realiza\u00e7\u00e3o da Associa\u00e7\u00e3o do Gato Mineiro (AGM) e conta com o apoio da Prefeitura de Juiz de Fora (PJF), atrav\u00e9s da Secretaria de Desenvolvimento Econ\u00f4mico, Trabalho e Turismo (Sedettur), Universidade Federal de Juiz de Fora (UFJF) e Royal Canin do Brasil.<\/p>\n<p>Durante a Expo Gatos, o p\u00fablico poder\u00e1 conhecer ra\u00e7as pouco comuns na regi\u00e3o, como o \u201csphynx\u201d (pelado canadense), \u201cbengal\u201d (\u201cde Bengala\u201d, semelhante a pequena on\u00e7a), \u201cmaine coon\u201d (maior ra\u00e7a domesticada do mundo), \u201cex\u00f3tico\u201d (ra\u00e7a irm\u00e3 do persa, com pelos curtos), \u201ccornish rex\u201d (pequeno porte, magro e pelo encaracolado), \u201cragdoll\u201d (o \u201cboneca de pano\u201d, que amolece ao estar no colo), \u201coriental de pelo curto\u201d (ra\u00e7a irm\u00e3 do siam\u00eas, mas com in\u00fameras cores), \u201csagrado da Birm\u00e2nia\u201d (a ra\u00e7a com origem em templos budistas, que transmite paz no olhar) e \u201cnoruegu\u00eas da floresta\u201d (pelos semilongos, aspecto selvagem), entre outros.<\/p>\n<p>Os mais conhecidos, como persa e SRD (sem ra\u00e7a definida, o famoso \u201cvira-lata\u201d) tamb\u00e9m poder\u00e3o ser apreciados.<\/p>\n<p>Esta \u00e9 a primeira vez que o evento acontece em Minas, fora da capital, Belo Horizonte. Entre as novidades est\u00e1 a realiza\u00e7\u00e3o do \u201cPapo de Gato\u201d, rodas de conversa sobre variados assuntos relacionados aos felinos, organizadas por alunos da UFJF e ministradas por especialistas.<\/p>\n<p><strong>Divers\u00e3o para a crian\u00e7ada<\/strong><\/p>\n<p>As crian\u00e7as poder\u00e3o se divertir na Cl\u00ednica Vet Kids, espa\u00e7o l\u00fadico para vivenciar a experi\u00eancia de tratamento veterin\u00e1rio e aprender cuidados b\u00e1sicos com os gatinhos. Os bichanos da exposi\u00e7\u00e3o n\u00e3o estar\u00e3o \u00e0 venda, mas quem pretende adotar um gato contar\u00e1 com a presen\u00e7a da ONG \u201cEspa\u00e7o Soul Cat\u201d, que resgata animais abandonados.<\/p>\n<p>O \u201cClube do Gato Mineiro\u201d ter\u00e1 secretaria montada no local, para tirar d\u00favidas dos interessados em se associar.<\/p>\n<hr \/>\n<p><strong>Programa\u00e7\u00e3o<\/strong> (relacionada a s\u00e1bado, 25, e domingo, 26)<\/p>\n<p>Campeonato: das 10 \u00e0s 18 horas.<br \/>Papo de Gato: das 12 \u00e0s 17 horas. Novos assuntos a cada 30 minutos.<br \/>Lojinhas: das 10 \u00e0s 18 horas.<br \/>Ado\u00e7\u00f5es: das 10 \u00e0s 18 horas.<\/p>\n<hr \/>\n<p>&nbsp;Fonte: Assessoria&nbsp;<\/p>\n","protected":false},"excerpt":{"rendered":"<p>Um campeonato de gatos de ra\u00e7a promete encantar os visitantes da \u201c1\u00aa Expo Gatos de Juiz de Fora e Regi\u00e3o\u201d, no final de semana. A cada dia ser\u00e3o eleitos os melhores exemplares dos bichanos, de acordo com \u201cclasse\u201d; \u201ccor\u201d; \u201cra\u00e7a\u201d e \u201ccategoria\u201d. A avalia\u00e7\u00e3o ser\u00e1 feita pelos ju\u00edzes alem\u00e3es Mrs. Britta Busse e Mr. Dietmar [&hellip;]<\/p>\n","protected":false},"author":96,"featured_media":85858,"comment_status":"closed","ping_status":"closed","sticky":false,"template":"","format":"standard","meta":{"footnotes":""},"categories":[253],"tags":[],"class_list":["post-85859","post","type-post","status-publish","format-standard","has-post-thumbnail","hentry","category-cidade"],"_links":{"self":[{"href":"https:\/\/diarioregionaldigital.com.br\/index.php?rest_route=\/wp\/v2\/posts\/85859","targetHints":{"allow":["GET"]}}],"collection":[{"href":"https:\/\/diarioregionaldigital.com.br\/index.php?rest_route=\/wp\/v2\/posts"}],"about":[{"href":"https:\/\/diarioregionaldigital.com.br\/index.php?rest_route=\/wp\/v2\/types\/post"}],"author":[{"embeddable":true,"href":"https:\/\/diarioregionaldigital.com.br\/index.php?rest_route=\/wp\/v2\/users\/96"}],"replies":[{"embeddable":true,"href":"https:\/\/diarioregionaldigital.com.br\/index.php?rest_route=%2Fwp%2Fv2%2Fcomments&post=85859"}],"version-history":[{"count":0,"href":"https:\/\/diarioregionaldigital.com.br\/index.php?rest_route=\/wp\/v2\/posts\/85859\/revisions"}],"wp:featuredmedia":[{"embeddable":true,"href":"https:\/\/diarioregionaldigital.com.br\/index.php?rest_route=\/wp\/v2\/media\/85858"}],"wp:attachment":[{"href":"https:\/\/diarioregionaldigital.com.br\/index.php?rest_route=%2Fwp%2Fv2%2Fmedia&parent=85859"}],"wp:term":[{"taxonomy":"category","embeddable":true,"href":"https:\/\/diarioregionaldigital.com.br\/index.php?rest_route=%2Fwp%2Fv2%2Fcategories&post=85859"},{"taxonomy":"post_tag","embeddable":true,"href":"https:\/\/diarioregionaldigital.com.br\/index.php?rest_route=%2Fwp%2Fv2%2Ftags&post=85859"}],"curies":[{"name":"wp","href":"https:\/\/api.w.org\/{rel}","templated":true}]}}