{"id":85849,"date":"2017-11-22T21:23:49","date_gmt":"2017-11-22T23:23:49","guid":{"rendered":"http:\/\/diarioregionaljf.com.br\/2017\/11\/22\/petrobras-protocola-documentacao-para-oferta-de-acoes-da-br-distribuidora\/"},"modified":"2017-11-22T21:23:49","modified_gmt":"2017-11-22T23:23:49","slug":"petrobras-protocola-documentacao-para-oferta-de-acoes-da-br-distribuidora","status":"publish","type":"post","link":"https:\/\/diarioregionaldigital.com.br\/?p=85849","title":{"rendered":"Petrobras protocola documenta\u00e7\u00e3o para oferta de a\u00e7\u00f5es da BR Distribuidora"},"content":{"rendered":"<p>A Petrobras protocolou nessa quarta-feira, 22, na Comiss\u00e3o de Valores Mobili\u00e1rios (CVM), a documenta\u00e7\u00e3o necess\u00e1ria para a oferta p\u00fablica de distribui\u00e7\u00e3o secund\u00e1ria de a\u00e7\u00f5es ordin\u00e1rias de emiss\u00e3o da Petrobras Distribuidora (BR).<\/p>\n<p>Segundo a nota da estatal, a oferta se deu em cumprimento \u00e0s exig\u00eancias expedidas pela pr\u00f3pria CVM. A companhia informa que divulgou ainda o aviso ao mercado e o prospecto preliminar referentes \u00e0 oferta, \u201ca ser realizada no Brasil, em mercado de balc\u00e3o n\u00e3o organizado, nos termos da Instru\u00e7\u00e3o da CVM, obedecendo \u00e0s demais disposi\u00e7\u00f5es legais aplic\u00e1veis, sob a coordena\u00e7\u00e3o de institui\u00e7\u00f5es financeiras integrantes do sistema de distribui\u00e7\u00e3o de valores mobili\u00e1rios, incluindo esfor\u00e7os de coloca\u00e7\u00e3o das a\u00e7\u00f5es no exterior\u201d.<\/p>\n<p>O pre\u00e7o de venda das a\u00e7\u00f5es da BR ser\u00e1 fixado ap\u00f3s a apura\u00e7\u00e3o do resultado do procedimento de coleta de inten\u00e7\u00f5es de investimento junto a investidores institucionais, procedimento a ser feito no Brasil e no exterior, tamb\u00e9m de acordo com o disposto da instru\u00e7\u00e3o CVM 400 (bookbuilding).<\/p>\n<p>A Petrobras informou ainda que a oferta est\u00e1 sujeita \u00e0 concess\u00e3o dos registros pela CVM e \u00e0s condi\u00e7\u00f5es de mercado.<\/p>\n<hr \/>\n<p>&nbsp;Fonte: Ag\u00eancia Brasil<\/p>\n","protected":false},"excerpt":{"rendered":"<p>A Petrobras protocolou nessa quarta-feira, 22, na Comiss\u00e3o de Valores Mobili\u00e1rios (CVM), a documenta\u00e7\u00e3o necess\u00e1ria para a oferta p\u00fablica de distribui\u00e7\u00e3o secund\u00e1ria de a\u00e7\u00f5es ordin\u00e1rias de emiss\u00e3o da Petrobras Distribuidora (BR). Segundo a nota da estatal, a oferta se deu em cumprimento \u00e0s exig\u00eancias expedidas pela pr\u00f3pria CVM. A companhia informa que divulgou ainda o [&hellip;]<\/p>\n","protected":false},"author":96,"featured_media":85848,"comment_status":"closed","ping_status":"closed","sticky":false,"template":"","format":"standard","meta":{"footnotes":""},"categories":[261],"tags":[],"class_list":["post-85849","post","type-post","status-publish","format-standard","has-post-thumbnail","hentry","category-economia"],"_links":{"self":[{"href":"https:\/\/diarioregionaldigital.com.br\/index.php?rest_route=\/wp\/v2\/posts\/85849","targetHints":{"allow":["GET"]}}],"collection":[{"href":"https:\/\/diarioregionaldigital.com.br\/index.php?rest_route=\/wp\/v2\/posts"}],"about":[{"href":"https:\/\/diarioregionaldigital.com.br\/index.php?rest_route=\/wp\/v2\/types\/post"}],"author":[{"embeddable":true,"href":"https:\/\/diarioregionaldigital.com.br\/index.php?rest_route=\/wp\/v2\/users\/96"}],"replies":[{"embeddable":true,"href":"https:\/\/diarioregionaldigital.com.br\/index.php?rest_route=%2Fwp%2Fv2%2Fcomments&post=85849"}],"version-history":[{"count":0,"href":"https:\/\/diarioregionaldigital.com.br\/index.php?rest_route=\/wp\/v2\/posts\/85849\/revisions"}],"wp:featuredmedia":[{"embeddable":true,"href":"https:\/\/diarioregionaldigital.com.br\/index.php?rest_route=\/wp\/v2\/media\/85848"}],"wp:attachment":[{"href":"https:\/\/diarioregionaldigital.com.br\/index.php?rest_route=%2Fwp%2Fv2%2Fmedia&parent=85849"}],"wp:term":[{"taxonomy":"category","embeddable":true,"href":"https:\/\/diarioregionaldigital.com.br\/index.php?rest_route=%2Fwp%2Fv2%2Fcategories&post=85849"},{"taxonomy":"post_tag","embeddable":true,"href":"https:\/\/diarioregionaldigital.com.br\/index.php?rest_route=%2Fwp%2Fv2%2Ftags&post=85849"}],"curies":[{"name":"wp","href":"https:\/\/api.w.org\/{rel}","templated":true}]}}