{"id":85847,"date":"2017-11-22T21:21:22","date_gmt":"2017-11-22T23:21:22","guid":{"rendered":"http:\/\/diarioregionaljf.com.br\/2017\/11\/22\/sem-reforma-80-do-orcamento-irao-para-a-previdencia-em-10-anos\/"},"modified":"2017-11-22T21:21:22","modified_gmt":"2017-11-22T23:21:22","slug":"sem-reforma-80-do-orcamento-irao-para-a-previdencia-em-10-anos","status":"publish","type":"post","link":"https:\/\/diarioregionaldigital.com.br\/?p=85847","title":{"rendered":"Sem reforma, 80% do Or\u00e7amento ir\u00e3o para a Previd\u00eancia em 10 anos"},"content":{"rendered":"<p>O ministro da Fazenda, Henrique Meirelles, disse nessa quarta-feira, 22, que v\u00ea possibilidades concretas de aprova\u00e7\u00e3o da reforma da Previd\u00eancia. Ap\u00f3s participar de reuni\u00e3o no Pal\u00e1cio do Planalto, o ministro afirmou que o debate n\u00e3o pode mais ser adiado.<\/p>\n<p>&#8220;Caso a reforma previdenci\u00e1ria n\u00e3o seja aprovada, em dez anos 80% do Or\u00e7amento da Uni\u00e3o ser\u00e1 ocupado apenas com o pagamento da Previd\u00eancia. E esse percentual vai seguir subindo nos anos seguintes at\u00e9 que n\u00e3o haver\u00e1 mais recursos para seguran\u00e7a, educa\u00e7\u00e3o, sa\u00fade&#8221;, destacou Meirelles.<\/p>\n<p>De acordo com o ministro, a proposta original foi alterada no Congresso, com a retirada de pontos pol\u00eamicos, entre eles o tempo m\u00ednimo de contribui\u00e7\u00e3o. &#8220;O tempo m\u00ednimo de contribui\u00e7\u00e3o na proposta original era de 25 anos. Agora, vai passar para 15. Por\u00e9m, quem contribuir por 15 anos e atingir a idade m\u00ednima receber\u00e1 60% do teto da aposentadoria&#8221;, acrescentou.<\/p>\n<p>Segundo Henrique Meirelles, com os ajustes na reforma da Previd\u00eancia haver\u00e1 uma economia aos cofres p\u00fablicos de 60% do que era previsto na proposta original do governo. Conforme o ministro, o montante a ser economizado em dez anos seria R$780 bilh\u00f5es.<\/p>\n<p>O tema reforma da Previd\u00eancia ser\u00e1 novamente debatido nesta quarta-feira \u00e0 noite, durante jantar no Pal\u00e1cio da Alvorada, reunindo o presidente da Rep\u00fablica, Michel Temer, o presidente da C\u00e2mara dos Deputados, Rodrigo Maia (DEM-RJ). O ministro Henrique Meirelles, governadores e parlamentares da base aliado do governo.<\/p>\n<hr \/>\n<p>&nbsp;Fonte: Ag\u00eancia Brasil<\/p>\n","protected":false},"excerpt":{"rendered":"<p>O ministro da Fazenda, Henrique Meirelles, disse nessa quarta-feira, 22, que v\u00ea possibilidades concretas de aprova\u00e7\u00e3o da reforma da Previd\u00eancia. Ap\u00f3s participar de reuni\u00e3o no Pal\u00e1cio do Planalto, o ministro afirmou que o debate n\u00e3o pode mais ser adiado. &#8220;Caso a reforma previdenci\u00e1ria n\u00e3o seja aprovada, em dez anos 80% do Or\u00e7amento da Uni\u00e3o ser\u00e1 [&hellip;]<\/p>\n","protected":false},"author":96,"featured_media":85846,"comment_status":"closed","ping_status":"closed","sticky":false,"template":"","format":"standard","meta":{"footnotes":""},"categories":[261],"tags":[],"class_list":["post-85847","post","type-post","status-publish","format-standard","has-post-thumbnail","hentry","category-economia"],"_links":{"self":[{"href":"https:\/\/diarioregionaldigital.com.br\/index.php?rest_route=\/wp\/v2\/posts\/85847","targetHints":{"allow":["GET"]}}],"collection":[{"href":"https:\/\/diarioregionaldigital.com.br\/index.php?rest_route=\/wp\/v2\/posts"}],"about":[{"href":"https:\/\/diarioregionaldigital.com.br\/index.php?rest_route=\/wp\/v2\/types\/post"}],"author":[{"embeddable":true,"href":"https:\/\/diarioregionaldigital.com.br\/index.php?rest_route=\/wp\/v2\/users\/96"}],"replies":[{"embeddable":true,"href":"https:\/\/diarioregionaldigital.com.br\/index.php?rest_route=%2Fwp%2Fv2%2Fcomments&post=85847"}],"version-history":[{"count":0,"href":"https:\/\/diarioregionaldigital.com.br\/index.php?rest_route=\/wp\/v2\/posts\/85847\/revisions"}],"wp:featuredmedia":[{"embeddable":true,"href":"https:\/\/diarioregionaldigital.com.br\/index.php?rest_route=\/wp\/v2\/media\/85846"}],"wp:attachment":[{"href":"https:\/\/diarioregionaldigital.com.br\/index.php?rest_route=%2Fwp%2Fv2%2Fmedia&parent=85847"}],"wp:term":[{"taxonomy":"category","embeddable":true,"href":"https:\/\/diarioregionaldigital.com.br\/index.php?rest_route=%2Fwp%2Fv2%2Fcategories&post=85847"},{"taxonomy":"post_tag","embeddable":true,"href":"https:\/\/diarioregionaldigital.com.br\/index.php?rest_route=%2Fwp%2Fv2%2Ftags&post=85847"}],"curies":[{"name":"wp","href":"https:\/\/api.w.org\/{rel}","templated":true}]}}