{"id":85845,"date":"2017-11-22T21:15:02","date_gmt":"2017-11-22T23:15:02","guid":{"rendered":"http:\/\/diarioregionaljf.com.br\/2017\/11\/22\/hoje\/"},"modified":"2017-11-22T21:15:02","modified_gmt":"2017-11-22T23:15:02","slug":"hoje","status":"publish","type":"post","link":"https:\/\/diarioregionaldigital.com.br\/?p=85845","title":{"rendered":"Hoje"},"content":{"rendered":"<p style=\"text-align: center;\"><span class=\"h4\">Aplausos<\/span><br \/>Talentosos e carism\u00e1ticos, os m\u00fasicos do quinteto juiz-forano da banda Blend 87 lan\u00e7am um belo \u00e1lbum que chega com 11 can\u00e7\u00f5es retiradas das mais de 30 que foram ensaiadas pelo grupo. O t\u00edtulo \u201cConcebido por acaso na Terra\u201d \u00e9 produzido por Lara Romano e a banda \u00e9 composta de Bruna Marli\u00e9re (vocal); Vin\u00edcius Steinback (tecladista); Renato da Lapa (guitarrista); Nathan Itaboray (baterista); Douglas Poerner (baixista).<\/p>\n<p style=\"text-align: center;\"><span class=\"h4\">Aten\u00e7\u00e3o<\/span><br \/>O Banco Central (BC) voltou a alertar a popula\u00e7\u00e3o sobre os riscos das moedas digitais. A preocupa\u00e7\u00e3o aumentou quando a Pol\u00edcia Federal desvendou um esquema fraudulento de pir\u00e2mide que causou preju\u00edzo a v\u00e1rias fam\u00edlias de Bras\u00edlia e Goi\u00e2nia. A moeda virtual com risco real \u00e9 Bitcoin se tornou popular mas n\u00e3o tem rastro. Fique de olho!<\/p>\n<p style=\"text-align: center;\"><span class=\"h4\">Oficial<\/span><br \/>Conjugando esporte e educa\u00e7\u00e3o, uma parceria em prol da forma\u00e7\u00e3o atrav\u00e9s do v\u00f4lei foi assinada entre a Prefeitura de Juiz de Fora e a Associa\u00e7\u00e3o de Ensino e Pesquisa e Lazer (Asepel), que gerencia o JF V\u00f4lei. O projeto-piloto de forma\u00e7\u00e3o de atletas ter\u00e1 o primeiro n\u00facleo de inicia\u00e7\u00e3o esportiva na Escola Municipal Tancredo Neves para atender 50 meninos e meninas.<\/p>\n<p style=\"text-align: center;\"><span class=\"h4\">Ascomcer<\/span><br \/>Em estilo noite de gala ser\u00e1 nesta 5\u00aa feira, 23, o evento Mesas de Natal, com renda para a Ascomcer. A bonita noite ser\u00e1 \u00e0s 20h, no Marcellu\u2019s Aero, com buffet de Tizinha Andrade, m\u00fasica de M\u00e1rio Terror e cobertura deste colunista que \u00e9 padrinho h\u00e1 muitos anos da Ascomcer. Convidando, a presidente Alessandra Sampaio.<\/p>\n<p style=\"text-align: center;\"><span class=\"h4\">Hoje<\/span><br \/>O carnavalesco Paulo Barros \u00e9 a personalidade da cultura a dar depoimento nesta 5\u00aa feira, 23, para a posteridade no Museu da Imagem e do Som, no Rio de Janeiro. Ele revolucionou o carnaval da terra carioca.<\/p>\n<p style=\"text-align: center;\"><img decoding=\"async\" class=\" size-full wp-image-85834\" src=\"http:\/\/diarioregionaljf.com.br\/wp-content\/uploads\/2017\/11\/diario-int-21484-1.jpg\" alt=\"FOTOA.jpg\" width=\"680\" style=\"display: block; margin-left: auto; margin-right: auto;\" srcset=\"https:\/\/diarioregionaldigital.com.br\/wp-content\/uploads\/2017\/11\/diario-int-21484-1.jpg 680w, https:\/\/diarioregionaldigital.com.br\/wp-content\/uploads\/2017\/11\/diario-int-21484-1-300x199.jpg 300w, https:\/\/diarioregionaldigital.com.br\/wp-content\/uploads\/2017\/11\/diario-int-21484-1-360x238.jpg 360w\" sizes=\"(max-width: 680px) 100vw, 680px\" \/>Este colunista comemora anivers\u00e1rio hoje, 23, e posou em ritmo de festa em evento na by Candy, com as irm\u00e3s Nayane Neto e Nayara Neto e Mariana Noronha<\/p>\n<p style=\"text-align: center;\"><img decoding=\"async\" class=\" size-full wp-image-85835\" src=\"http:\/\/diarioregionaljf.com.br\/wp-content\/uploads\/2017\/11\/diario-int-21484-2.JPG\" alt=\"FOTOB.JPG\" width=\"680\" style=\"display: block; margin-left: auto; margin-right: auto;\" srcset=\"https:\/\/diarioregionaldigital.com.br\/wp-content\/uploads\/2017\/11\/diario-int-21484-2.JPG 680w, https:\/\/diarioregionaldigital.com.br\/wp-content\/uploads\/2017\/11\/diario-int-21484-2-300x199.jpg 300w, https:\/\/diarioregionaldigital.com.br\/wp-content\/uploads\/2017\/11\/diario-int-21484-2-360x238.jpg 360w\" sizes=\"(max-width: 680px) 100vw, 680px\" \/>No MHall, Geraldo Bomfim com Amanda Bomfim e Luciano Felipino<\/p>\n<p style=\"text-align: center;\"><img decoding=\"async\" class=\" size-full wp-image-85836\" src=\"http:\/\/diarioregionaljf.com.br\/wp-content\/uploads\/2017\/11\/diario-int-21484-3.jpg\" alt=\"FOTOC.jpg\" width=\"680\" style=\"display: block; margin-left: auto; margin-right: auto;\" srcset=\"https:\/\/diarioregionaldigital.com.br\/wp-content\/uploads\/2017\/11\/diario-int-21484-3.jpg 680w, https:\/\/diarioregionaldigital.com.br\/wp-content\/uploads\/2017\/11\/diario-int-21484-3-300x198.jpg 300w, https:\/\/diarioregionaldigital.com.br\/wp-content\/uploads\/2017\/11\/diario-int-21484-3-360x238.jpg 360w\" sizes=\"(max-width: 680px) 100vw, 680px\" \/>Na Casinha 649, as elegantes Ana L\u00facia Ribeiro Signorelli, Patr\u00edcia Alvim e Ana Paula Ribeiro<\/p>\n<p style=\"text-align: center;\"><img decoding=\"async\" class=\" size-full wp-image-85837\" src=\"http:\/\/diarioregionaljf.com.br\/wp-content\/uploads\/2017\/11\/diario-int-21484-4.jpg\" alt=\"FOTOD.jpg\" width=\"680\" style=\"display: block; margin-left: auto; margin-right: auto;\" srcset=\"https:\/\/diarioregionaldigital.com.br\/wp-content\/uploads\/2017\/11\/diario-int-21484-4.jpg 680w, https:\/\/diarioregionaldigital.com.br\/wp-content\/uploads\/2017\/11\/diario-int-21484-4-300x169.jpg 300w, https:\/\/diarioregionaldigital.com.br\/wp-content\/uploads\/2017\/11\/diario-int-21484-4-360x203.jpg 360w\" sizes=\"(max-width: 680px) 100vw, 680px\" \/>Em ritmo de cantoria e samba no Salsa Parrilha, Beto Souza, Erika Beire e Dani Verpel<\/p>\n<p style=\"text-align: center;\"><img decoding=\"async\" class=\" size-full wp-image-85838\" src=\"http:\/\/diarioregionaljf.com.br\/wp-content\/uploads\/2017\/11\/diario-int-21484-5.jpg\" alt=\"FOTOE.jpg\" width=\"680\" style=\"display: block; margin-left: auto; margin-right: auto;\" srcset=\"https:\/\/diarioregionaldigital.com.br\/wp-content\/uploads\/2017\/11\/diario-int-21484-5.jpg 680w, https:\/\/diarioregionaldigital.com.br\/wp-content\/uploads\/2017\/11\/diario-int-21484-5-300x198.jpg 300w, https:\/\/diarioregionaldigital.com.br\/wp-content\/uploads\/2017\/11\/diario-int-21484-5-360x238.jpg 360w\" sizes=\"(max-width: 680px) 100vw, 680px\" \/>Na Casinha 649, Myrliane Le\u00e3o, Luc\u00edola Gon\u00e7alves e Eduardo Gomes<\/p>\n<p style=\"text-align: center;\"><img decoding=\"async\" class=\" size-full wp-image-85839\" src=\"http:\/\/diarioregionaljf.com.br\/wp-content\/uploads\/2017\/11\/diario-int-21484-6.JPG\" alt=\"FOTOF.JPG\" width=\"680\" style=\"display: block; margin-left: auto; margin-right: auto;\" srcset=\"https:\/\/diarioregionaldigital.com.br\/wp-content\/uploads\/2017\/11\/diario-int-21484-6.JPG 680w, https:\/\/diarioregionaldigital.com.br\/wp-content\/uploads\/2017\/11\/diario-int-21484-6-300x199.jpg 300w, https:\/\/diarioregionaldigital.com.br\/wp-content\/uploads\/2017\/11\/diario-int-21484-6-360x238.jpg 360w\" sizes=\"(max-width: 680px) 100vw, 680px\" \/>No MHall, Beth Urgal e Marcos Netto<\/p>\n<p style=\"text-align: center;\"><img decoding=\"async\" class=\" size-full wp-image-85840\" src=\"http:\/\/diarioregionaljf.com.br\/wp-content\/uploads\/2017\/11\/diario-int-21484-7.jpg\" alt=\"FOTOG.jpg\" width=\"680\" style=\"display: block; margin-left: auto; margin-right: auto;\" srcset=\"https:\/\/diarioregionaldigital.com.br\/wp-content\/uploads\/2017\/11\/diario-int-21484-7.jpg 680w, https:\/\/diarioregionaldigital.com.br\/wp-content\/uploads\/2017\/11\/diario-int-21484-7-300x152.jpg 300w, https:\/\/diarioregionaldigital.com.br\/wp-content\/uploads\/2017\/11\/diario-int-21484-7-360x182.jpg 360w\" sizes=\"(max-width: 680px) 100vw, 680px\" \/>Em ritmo de cantoria e samba no Salsa Parrilha, Beto Souza, Erika Beire e Dani Verpel<\/p>\n<p style=\"text-align: center;\"><img decoding=\"async\" class=\" size-full wp-image-85841\" src=\"http:\/\/diarioregionaljf.com.br\/wp-content\/uploads\/2017\/11\/diario-int-21484-8.jpg\" alt=\"FOTOH.jpg\" width=\"680\" style=\"display: block; margin-left: auto; margin-right: auto;\" srcset=\"https:\/\/diarioregionaldigital.com.br\/wp-content\/uploads\/2017\/11\/diario-int-21484-8.jpg 680w, https:\/\/diarioregionaldigital.com.br\/wp-content\/uploads\/2017\/11\/diario-int-21484-8-300x199.jpg 300w, https:\/\/diarioregionaldigital.com.br\/wp-content\/uploads\/2017\/11\/diario-int-21484-8-360x238.jpg 360w\" sizes=\"(max-width: 680px) 100vw, 680px\" \/>Na inaugura\u00e7\u00e3o da Mult Med JF, no Santa Cruz Shopping, Luciano Rodrigues Sobrinho, Ana Paula e S\u00e9rgio Henrique<\/p>\n<p style=\"text-align: center;\"><img decoding=\"async\" class=\" size-full wp-image-85842\" src=\"http:\/\/diarioregionaljf.com.br\/wp-content\/uploads\/2017\/11\/diario-int-21484-9.jpg\" alt=\"FOTOI.jpg\" width=\"680\" style=\"display: block; margin-left: auto; margin-right: auto;\" srcset=\"https:\/\/diarioregionaldigital.com.br\/wp-content\/uploads\/2017\/11\/diario-int-21484-9.jpg 680w, https:\/\/diarioregionaldigital.com.br\/wp-content\/uploads\/2017\/11\/diario-int-21484-9-300x198.jpg 300w, https:\/\/diarioregionaldigital.com.br\/wp-content\/uploads\/2017\/11\/diario-int-21484-9-360x238.jpg 360w\" sizes=\"(max-width: 680px) 100vw, 680px\" \/>No Lact\u00e1rio S\u00e3o Jos\u00e9 da ADPI, os Dias de Macedo com Maria Helena, Ana Teresa, \u00c2ngela Caroline e Jorge, com Darlan Lula (homenageado)<\/p>\n<p style=\"text-align: center;\"><img decoding=\"async\" class=\" size-full wp-image-85843\" src=\"http:\/\/diarioregionaljf.com.br\/wp-content\/uploads\/2017\/11\/diario-int-21484-10.jpg\" alt=\"FOTOJ.jpg\" width=\"680\" style=\"display: block; margin-left: auto; margin-right: auto;\" srcset=\"https:\/\/diarioregionaldigital.com.br\/wp-content\/uploads\/2017\/11\/diario-int-21484-10.jpg 680w, https:\/\/diarioregionaldigital.com.br\/wp-content\/uploads\/2017\/11\/diario-int-21484-10-266x300.jpg 266w, https:\/\/diarioregionaldigital.com.br\/wp-content\/uploads\/2017\/11\/diario-int-21484-10-360x407.jpg 360w\" sizes=\"(max-width: 680px) 100vw, 680px\" \/>Em noite de festa, Marcelle de Deus e Marco Esteves<\/p>\n<p style=\"text-align: center;\"><img decoding=\"async\" class=\" size-full wp-image-85844\" src=\"http:\/\/diarioregionaljf.com.br\/wp-content\/uploads\/2017\/11\/diario-int-21484-11.JPG\" alt=\"FOTOL.JPG\" width=\"680\" style=\"display: block; margin-left: auto; margin-right: auto;\" srcset=\"https:\/\/diarioregionaldigital.com.br\/wp-content\/uploads\/2017\/11\/diario-int-21484-11.JPG 680w, https:\/\/diarioregionaldigital.com.br\/wp-content\/uploads\/2017\/11\/diario-int-21484-11-300x199.jpg 300w, https:\/\/diarioregionaldigital.com.br\/wp-content\/uploads\/2017\/11\/diario-int-21484-11-360x238.jpg 360w\" sizes=\"(max-width: 680px) 100vw, 680px\" \/>Mulheres chiques no Excalibur, Neuza Alvim e Francis Noguchi<\/p>\n<p class=\"h4\" style=\"text-align: center;\">FOTOSS\u00cdNTESE<\/p>\n<p>Em grande estilo ser\u00e1 comemorado no dia 25 de novembro, o 8\u00ba Dia do S\u00edndico. Em cena, uma programa\u00e7\u00e3o reunindo, neg\u00f3cios, relacionamento e atualiza\u00e7\u00e3o. Ser\u00e1 de 9h \u00e0s 17h, no Edif\u00edcio Le Quartier, na Rua Batista de Oliveira, n\u00ba 822, em frente ao Granbery. Inscri\u00e7\u00f5es: 3212-3329.<\/p>\n<p>Fl\u00e1vio Pessanha e Ton Soares (leia-se Venturiny Eventos) promovem no dia 2 de dezembro, \u00e0s 23h, a festa Fetisch Party. O badalo regado a open bar com cerveja, refrigerante e \u00e1gua, ter\u00e1 como hostess a bela Gisele Luzon, shows com Titiago Capuzzo, Urban Pop Dance Show. A Door ser\u00e1 Marlon Jop. Censura: 18 anos. Ser\u00e1 no Espa\u00e7o K, na Av. Brasil n\u00ba 7595, pr\u00f3ximo a Rodovi\u00e1ria.<\/p>\n<p>Esfor\u00e7ado e disciplinado, o atleta Rodrigo Rezende (14 anos), do Clube Bom Pastor, finalizou sua participa\u00e7\u00e3o no Mundial de Gin\u00e1stica de Trampolim, em Sofia, na Bulg\u00e1ria, na 27\u00aa coloca\u00e7\u00e3o. Representando o Clube Bom Pastor ele competiu com representantes de 46 pa\u00edses e ficou satisfeito com a experi\u00eancia e o resultado. Feliz com o desempenho do aluno, o t\u00e9cnico Deber Zambelli.<\/p>\n<p>Muito sentido na cidade o falecimento do empres\u00e1rio Juarez Coutinho (84 anos). Fundador da Pavan, ele atendendo a um pedido deste colunista ajudou com materiais de constru\u00e7\u00e3o a levantar o MHall. Um abra\u00e7o carinhoso a seus familiares.<\/p>\n<p>L\u00facida e elegante, dona Lourdes Tostes Nascimento comemorou seus 100 anos ladeada pelos filhos Jos\u00e9 Natalino do Nascimento e Neuza Tasca.<\/p>\n<p>A especialista Elide Zordan, do Hospital S\u00edrio e Liban\u00eas de S\u00e3o Paulo, vai fazer a palestra \u201cDesospitaliza\u00e7\u00e3o\u201d, durante o 2\u00ba Simp\u00f3sio de Hotelaria Hospitalar da Zona da Mata. Com chancela da Santa Casa, em parceria com o Hospital Monte Sinai, ser\u00e1 no dia 8 de dezembro, no Gran Victory.<\/p>\n<p>Talentosos e carism\u00e1ticos, o N\u00facleo de Adolescentes do Grupo Divulga\u00e7\u00e3o estreou com muitos aplausos, no teatro do Forum da Cultura, o espet\u00e1culo \u201cBicho sim, Bicho n\u00e3o\u201d.<\/p>\n<p>Sempre \u00e0s 16h, o Projeto Som da terra, que acontece todo s\u00e1bado no Bar e restaurante Salvaterra, segue at\u00e9 o dia 9 de dezembro, As atra\u00e7\u00f5es ser\u00e3o: L\u00fadica M\u00fasica (25\/11); Luke (02\/12) e Etcoetera (09\/12).<\/p>\n<p>Para refletir: Chamar a aten\u00e7\u00e3o \u00e9 uma situa\u00e7\u00e3o que precisa ser administrada com sabedoria, porque, ainda que voc\u00ea n\u00e3o queira, serve para definir voc\u00ea. Bom dia.<\/p>\n","protected":false},"excerpt":{"rendered":"<p>AplausosTalentosos e carism\u00e1ticos, os m\u00fasicos do quinteto juiz-forano da banda Blend 87 lan\u00e7am um belo \u00e1lbum que chega com 11 can\u00e7\u00f5es retiradas das mais de 30 que foram ensaiadas pelo grupo. O t\u00edtulo \u201cConcebido por acaso na Terra\u201d \u00e9 produzido por Lara Romano e a banda \u00e9 composta de Bruna Marli\u00e9re (vocal); Vin\u00edcius Steinback (tecladista); [&hellip;]<\/p>\n","protected":false},"author":96,"featured_media":85833,"comment_status":"closed","ping_status":"closed","sticky":false,"template":"","format":"standard","meta":{"footnotes":""},"categories":[264],"tags":[],"class_list":["post-85845","post","type-post","status-publish","format-standard","has-post-thumbnail","hentry","category-eduardo-gomes"],"_links":{"self":[{"href":"https:\/\/diarioregionaldigital.com.br\/index.php?rest_route=\/wp\/v2\/posts\/85845","targetHints":{"allow":["GET"]}}],"collection":[{"href":"https:\/\/diarioregionaldigital.com.br\/index.php?rest_route=\/wp\/v2\/posts"}],"about":[{"href":"https:\/\/diarioregionaldigital.com.br\/index.php?rest_route=\/wp\/v2\/types\/post"}],"author":[{"embeddable":true,"href":"https:\/\/diarioregionaldigital.com.br\/index.php?rest_route=\/wp\/v2\/users\/96"}],"replies":[{"embeddable":true,"href":"https:\/\/diarioregionaldigital.com.br\/index.php?rest_route=%2Fwp%2Fv2%2Fcomments&post=85845"}],"version-history":[{"count":0,"href":"https:\/\/diarioregionaldigital.com.br\/index.php?rest_route=\/wp\/v2\/posts\/85845\/revisions"}],"wp:featuredmedia":[{"embeddable":true,"href":"https:\/\/diarioregionaldigital.com.br\/index.php?rest_route=\/wp\/v2\/media\/85833"}],"wp:attachment":[{"href":"https:\/\/diarioregionaldigital.com.br\/index.php?rest_route=%2Fwp%2Fv2%2Fmedia&parent=85845"}],"wp:term":[{"taxonomy":"category","embeddable":true,"href":"https:\/\/diarioregionaldigital.com.br\/index.php?rest_route=%2Fwp%2Fv2%2Fcategories&post=85845"},{"taxonomy":"post_tag","embeddable":true,"href":"https:\/\/diarioregionaldigital.com.br\/index.php?rest_route=%2Fwp%2Fv2%2Ftags&post=85845"}],"curies":[{"name":"wp","href":"https:\/\/api.w.org\/{rel}","templated":true}]}}