{"id":85832,"date":"2017-11-22T20:28:16","date_gmt":"2017-11-22T22:28:16","guid":{"rendered":"http:\/\/diarioregionaljf.com.br\/2017\/11\/22\/o-menino-e-o-periquito\/"},"modified":"2017-11-22T20:28:16","modified_gmt":"2017-11-22T22:28:16","slug":"o-menino-e-o-periquito","status":"publish","type":"post","link":"https:\/\/diarioregionaldigital.com.br\/?p=85832","title":{"rendered":"O menino e o periquito"},"content":{"rendered":"<p>Estou sempre me deparando com cenas que, na maioria das vezes, fazem lembrar o meu tempo de crian\u00e7a. Isto me faz bem e acaba dissipando aquelas ideias inc\u00f4modas que por vezes aparecem em nossas mentes tentando desafiar nossa capacidade de suplant\u00e1-las. \u00c9 como se a natureza agisse para tirar proveito de nossa versatilidade e, assim, acaba por alimentar ainda mais nossa imagina\u00e7\u00e3o.<\/p>\n<p>Na semana passada, enquanto esperava a chegada do \u00f4nibus que faz a linha Belmiro Braga-Juiz de Fora, fiquei encantado com um menino que corria atr\u00e1s de um passarinho, na verdade era um bonito periquito, tentando peg\u00e1-lo, como se ele fosse um de seus brinquedinhos. A m\u00e3e, mesmo atenta com suas agulhas de tric\u00f4, de vez em quando lan\u00e7ava seu olhar para o filho, que n\u00e3o desistia de sua ca\u00e7ada ao p\u00e1ssaro, o qual tamb\u00e9m parecia gostar da brincadeira, j\u00e1 que n\u00e3o se mostrava t\u00e3o assustado. Voava em volta da pra\u00e7a e, como se estivesse desafiando o menino, pousava perto dele. \u00c9 que, naquela \u00e1rea, havia algumas migalhas de alimento que o bichinho n\u00e3o conseguia comer. Quando come\u00e7ava a dar umas bicadas, l\u00e1 vinha o menino tentando surpreend\u00ea-lo, o que era em v\u00e3o.<\/p>\n<p>Eu n\u00e3o s\u00f3 achava gra\u00e7a como tamb\u00e9m analisava nos m\u00ednimos detalhes o duelo que ali estava sendo travado. Quando o p\u00e1ssaro al\u00e7ou mais um voo, o menino come\u00e7ou a acompanhar a sua trajet\u00f3ria e acabou se postando justamente em cima onde estava o que mais interessava o bichinho. Atento a sua aterrissagem, o menino, por algum momento, se mostrou frustrado ao n\u00e3o ver mais o passarinho. Olhava atento para cima, para os lados e nada via. Sentou-se no ch\u00e3o e come\u00e7ou a chorar baixinho esfregando os olhos com os dedinhos. A m\u00e3e, ocupada com seu tric\u00f4, n\u00e3o notou nada de anormal e continuou seu trabalho manual, quem sabe uma blusa de l\u00e3 para o pr\u00f3prio filho, j\u00e1 que o inverno havia chegado.<\/p>\n<p>Mesmo sentado, o menino ainda olhava em dire\u00e7\u00e3o a uma \u00e1rvore na esperan\u00e7a de ver o seu companheiro fuj\u00e3o. Do meu posto de observa\u00e7\u00e3o podia ver com riqueza de detalhes o comportamento silencioso da m\u00e3e e a ansiedade do filho. Eu, at\u00e9 que j\u00e1 n\u00e3o estava me importando com o atraso do \u00f4nibus. \u00c1 esta altura, j\u00e1 me sentia envolvido com o que estava vendo. Queria saber o desenrolar da contenda vivida naquela pequena pra\u00e7a que, dado ao hor\u00e1rio, somente n\u00f3s tr\u00eas &#8211; eu, o menino e sua m\u00e3e &#8211; ali se encontravam. No intervalo provocado pela aus\u00eancia do passarinho e a paci\u00eancia daquela crian\u00e7a em esperar seu retorno, me vi num passado j\u00e1 muito distante, quando tamb\u00e9m por v\u00e1rias vezes tentava correr atr\u00e1s de passarinhos, achando que poderia ser mais r\u00e1pido do que seus voos al\u00e7ados com aquelas pequeninas, mas \u00e1geis asas que Deus lhe deu para a plena liberdade de passear sob os c\u00e9us e, ao entardecer, buscar seus abrigos nas \u00e1rvores.<\/p>\n<p>De repente, eis que o show recome\u00e7a na pracinha. Para a alegria do menino o seu encantado periquito volta e, desta vez, se comporta de maneira diferente. N\u00e3o se assustou com a aproxima\u00e7\u00e3o daquele que tanto queria t\u00ea-lo sob seu dom\u00ednio. Fiquei surpreso, n\u00e3o podia acreditar no que eu estava vendo. Aquela avezinha solit\u00e1ria parecia pedir que a pegasse pacificamente. E foi o que aconteceu: a m\u00e3ozinha direita na forma de uma concha permitiu que o p\u00e1ssaro fosse elevado at\u00e9 a altura do seu rosto, para receber o carinho que tanto precisava.<\/p>\n<p>O menino, vagarosamente, caminhou em dire\u00e7\u00e3o \u00e0 sua m\u00e3e para mostrar o novo amiguinho que acabara de conquistar. O bichinho fechou os olhinhos e enfiou a cabecinha embaixo da asa, uma forma cl\u00e1ssica de dormir. A m\u00e3e n\u00e3o conseguiu segurar as l\u00e1grimas que banhavam seu rosto, o que chamou a aten\u00e7\u00e3o do menino que perguntou por qu\u00ea ela estava chorando e, teve como resposta: &#8220;nosso amiguinho est\u00e1 com sono, vamos lev\u00e1-lo para casa e cuid\u00e1-lo com muito amor e carinho&#8221;.<\/p>\n<p>Lembrei-me que h\u00e1 poucos dias um periquito igualzinho havia fugido da gaiola no centro de Juiz de Fora. Soube disso pela pr\u00f3pria dona do p\u00e1ssaro, a pintora Lav\u00ednia Marques Macieira, que me falou, saudosa: \u201cespero que quem o encontrou, o trate com o mesmo amor e carinho como eu o tratei h\u00e1 quase um ano\u201d.<\/p>\n<p>Aproximei-me da m\u00e3e do menino e disse que conhecia aquele bonito periquito. Contei a hist\u00f3ria. O menino rapidamente perguntou qual era o nome dele. Respondi que se chamava Tuko. Segurando o bichinho com suas pequeninas m\u00e3ozinhas, disse: &#8220;m\u00e3e, vamos levar o Tukinho para dar comidinha pra ele&#8221;.<\/p>\n<p>Confesso que n\u00e3o esperava um final t\u00e3o comovente na Pra\u00e7a Santana, na pacata e acolhedora cidade de Belmiro Braga (MG). O \u00f4nibus chegou, embarquei e, durante a viagem para Juiz de Fora, ainda carregava na mente e no cora\u00e7\u00e3o momentos de tantas emo\u00e7\u00f5es vividas por um menino e um solit\u00e1rio passarinho que acabou ganhando uma nova fam\u00edlia, apesar de ter deixado para tr\u00e1s a sua fiel companheira Teka, que ficou triste durante muito tempo. Mais tarde, acabou conhecendo a periquita de nome Quita e vivem alegremente, se bicando, se beijando, como se fossem irm\u00e3s. D\u00e1 para notar que a Teka ainda sente falta do seu Tukinho. Um sinal de que o amor nunca morre.<\/p>\n<p>&nbsp;<\/p>\n<p style=\"text-align: justify;\"><strong>Texto de Carlos Letra &#8211; Jornalista, escritor e colunista; Ex-Assessor de Imprensa do SUS-RJ e Ex-Assessor de imprensa e Assessor Parlamentar na C\u00e2mara Municipal de Juiz de Fora<\/strong><\/p>\n<p>&nbsp;<\/p>\n","protected":false},"excerpt":{"rendered":"<p>Estou sempre me deparando com cenas que, na maioria das vezes, fazem lembrar o meu tempo de crian\u00e7a. Isto me faz bem e acaba dissipando aquelas ideias inc\u00f4modas que por vezes aparecem em nossas mentes tentando desafiar nossa capacidade de suplant\u00e1-las. \u00c9 como se a natureza agisse para tirar proveito de nossa versatilidade e, assim, [&hellip;]<\/p>\n","protected":false},"author":96,"featured_media":0,"comment_status":"closed","ping_status":"closed","sticky":false,"template":"","format":"standard","meta":{"footnotes":""},"categories":[291],"tags":[],"class_list":["post-85832","post","type-post","status-publish","format-standard","hentry","category-versoes-artigos-de-opiniao"],"_links":{"self":[{"href":"https:\/\/diarioregionaldigital.com.br\/index.php?rest_route=\/wp\/v2\/posts\/85832","targetHints":{"allow":["GET"]}}],"collection":[{"href":"https:\/\/diarioregionaldigital.com.br\/index.php?rest_route=\/wp\/v2\/posts"}],"about":[{"href":"https:\/\/diarioregionaldigital.com.br\/index.php?rest_route=\/wp\/v2\/types\/post"}],"author":[{"embeddable":true,"href":"https:\/\/diarioregionaldigital.com.br\/index.php?rest_route=\/wp\/v2\/users\/96"}],"replies":[{"embeddable":true,"href":"https:\/\/diarioregionaldigital.com.br\/index.php?rest_route=%2Fwp%2Fv2%2Fcomments&post=85832"}],"version-history":[{"count":0,"href":"https:\/\/diarioregionaldigital.com.br\/index.php?rest_route=\/wp\/v2\/posts\/85832\/revisions"}],"wp:attachment":[{"href":"https:\/\/diarioregionaldigital.com.br\/index.php?rest_route=%2Fwp%2Fv2%2Fmedia&parent=85832"}],"wp:term":[{"taxonomy":"category","embeddable":true,"href":"https:\/\/diarioregionaldigital.com.br\/index.php?rest_route=%2Fwp%2Fv2%2Fcategories&post=85832"},{"taxonomy":"post_tag","embeddable":true,"href":"https:\/\/diarioregionaldigital.com.br\/index.php?rest_route=%2Fwp%2Fv2%2Ftags&post=85832"}],"curies":[{"name":"wp","href":"https:\/\/api.w.org\/{rel}","templated":true}]}}