{"id":85831,"date":"2017-11-22T19:56:27","date_gmt":"2017-11-22T21:56:27","guid":{"rendered":"http:\/\/diarioregionaljf.com.br\/2017\/11\/22\/procon-orienta-sobre-cuidados-com-as-compras-na-black-friday\/"},"modified":"2017-11-22T19:56:27","modified_gmt":"2017-11-22T21:56:27","slug":"procon-orienta-sobre-cuidados-com-as-compras-na-black-friday","status":"publish","type":"post","link":"https:\/\/diarioregionaldigital.com.br\/?p=85831","title":{"rendered":"Procon orienta sobre cuidados com as compras na Black Friday"},"content":{"rendered":"<p>A \u201cBlack Friday\u201d, tradicional liquida\u00e7\u00e3o que ocorre nesta sexta-feira, 24, em lojas f\u00edsicas e na rede on-line, pode trazer vantagens para o consumidor, por meio dos pre\u00e7os baixos que s\u00e3o ofertados, mas tamb\u00e9m pode acarretar preju\u00edzos.<\/p>\n<p>Para evitar que o consumidor passe por aborrecimentos na data, a Ag\u00eancia de Prote\u00e7\u00e3o e Defesa do Consumidor (Procon) de Juiz de Fora orienta quanto ao que deve ser observado na hora das compras. O superintendente do \u00f3rg\u00e3o na cidade, Eduardo Schr\u00f6der, explica que o comprador deve ter a ci\u00eancia de que a data \u00e9 apenas um dia em que as lojas se utilizam da pol\u00edtica de descontos. \u201cVaria de produto para produto. No caso de eletroport\u00e1teis e eletr\u00f4nicos, o desconto costuma ser de 10% a 15%. Linha branca, que s\u00e3o os eletrodom\u00e9sticos de maior porte, como geladeira, fog\u00e3o, micro-ondas e freezer, em torno de 20%, e roupas pode chegar at\u00e9 50%. \u00c9 uma oportunidade de as pessoas comprarem itens por pre\u00e7o mais baixo\u201d, afirma.<\/p>\n<p>Ele alerta que o consumidor pesquise antes de efetuar qualquer compra, n\u00e3o s\u00f3 na internet, mas nas lojas f\u00edsicas tamb\u00e9m, pois \u00e9 importante ter no\u00e7\u00e3o do que se pretende adquirir e assim n\u00e3o ser pego com descontos que nem sempre s\u00e3o reais. \u201cInfelizmente, algumas empresas aumentam o valor do produto para posteriormente oferecer o desconto, fazendo com que a mercadoria fique praticamente no mesmo pre\u00e7o anterior. E o que Procon tem feito \u00e9 fiscalizar essa pr\u00e1tica abusiva, evitando que o consumidor seja lesado\u201d, refor\u00e7a.<\/p>\n<p>Ainda segundo Schr\u00f6der, outro cuidado que o consumidor deve adotar \u00e9 na escolha do local das compras. \u201cD\u00ea prefer\u00eancia aos sites mais confi\u00e1veis. Por isso, pesquise todo o hist\u00f3rico da loja, as reclama\u00e7\u00f5es e elogios, antes de realizar a compra\u201d, ressalta.<\/p>\n<p>Ele acrescenta que antes de comprar \u00e9 importante se programar. \u201cO consumidor deve lembrar que o Natal \u00e9 daqui um m\u00eas e n\u00e3o \u00e9 \u00e9poca de se endividar. Ele deve ter prud\u00eancia, pois no in\u00edcio do ano ele ter\u00e1 outras contas para pagar, como matr\u00edcula escolar, plano de sa\u00fade, Imposto Predial e Territorial Urbano (IPTU), Imposto sobre a propriedade de ve\u00edculos automotores (IPVA), e outras\u201d, lembra.<\/p>\n<p>&nbsp;<\/p>\n<h4>COM\u00c9RCIO EST\u00c1 OTIMISTA<\/h4>\n<p>De acordo com o presidente do Sindicato do Com\u00e9rcio de Juiz de Fora(Sindicom\u00e9rcio-JF), Emerson Beloti, apesar de n\u00e3o ter um percentual, devido ao fato de as pesquisas mostrarem que o empres\u00e1rio n\u00e3o est\u00e1 preocupado com o quanto as vendas ir\u00e3o aumentar, a expectativa para a data \u00e9 das melhores. \u201cAno passado foi muito bom, o que tende a se repetir neste ano. Muitos empres\u00e1rios aproveitam e realizam promo\u00e7\u00e3o antecipada do Natal, o que facilita para que o consumidor adquira o produto. Percebemos que a cada ano o n\u00famero de empresas que aderem \u00e0 pr\u00e1tica \u00e9 maior\u201d, afirma.<\/p>\n<p>A comerciante Let\u00edcia Oliveira da Silva, uma das respons\u00e1veis pelo Shopping dos Clubes, espera aumento de 20% no faturamento com rela\u00e7\u00e3o a 2016. \u201cPara alcan\u00e7ar esse n\u00edvel, apostamos nas promo\u00e7\u00f5es. Na compra de um produto, o segundo sai pela metade do pre\u00e7o. Comprando dois, o terceiro sai de gra\u00e7a. Al\u00e9m do mais, qualquer camisa retr\u00f4 de sele\u00e7\u00e3o ou clubes do exterior que custavam R$139, agora est\u00e3o sendo vendidas por R$49,90. Cabe ressaltar que os descontos s\u00e3o validos para o item com menor valor, e, desde o in\u00edcio, os consumidores t\u00eam achado bem interessante e est\u00e3o procurando cada vez mais\u201d, garante. A oferta vai at\u00e9 o dia 30 de novembro.<\/p>\n<p>&nbsp;<\/p>\n<h4>DEN\u00daNCIAS<\/h4>\n<p>O consumidor que quiser denunciar pr\u00e1ticas abusivas pode ir \u00e0 sede do Procon, na Avenida Presidente Itamar Franco, n\u00ba992, ou entrar em contato pelo telefone (32) 3690-7611.<\/p>\n","protected":false},"excerpt":{"rendered":"<p>A \u201cBlack Friday\u201d, tradicional liquida\u00e7\u00e3o que ocorre nesta sexta-feira, 24, em lojas f\u00edsicas e na rede on-line, pode trazer vantagens para o consumidor, por meio dos pre\u00e7os baixos que s\u00e3o ofertados, mas tamb\u00e9m pode acarretar preju\u00edzos. Para evitar que o consumidor passe por aborrecimentos na data, a Ag\u00eancia de Prote\u00e7\u00e3o e Defesa do Consumidor (Procon) [&hellip;]<\/p>\n","protected":false},"author":96,"featured_media":85830,"comment_status":"closed","ping_status":"closed","sticky":false,"template":"","format":"standard","meta":{"footnotes":""},"categories":[253],"tags":[],"class_list":["post-85831","post","type-post","status-publish","format-standard","has-post-thumbnail","hentry","category-cidade"],"_links":{"self":[{"href":"https:\/\/diarioregionaldigital.com.br\/index.php?rest_route=\/wp\/v2\/posts\/85831","targetHints":{"allow":["GET"]}}],"collection":[{"href":"https:\/\/diarioregionaldigital.com.br\/index.php?rest_route=\/wp\/v2\/posts"}],"about":[{"href":"https:\/\/diarioregionaldigital.com.br\/index.php?rest_route=\/wp\/v2\/types\/post"}],"author":[{"embeddable":true,"href":"https:\/\/diarioregionaldigital.com.br\/index.php?rest_route=\/wp\/v2\/users\/96"}],"replies":[{"embeddable":true,"href":"https:\/\/diarioregionaldigital.com.br\/index.php?rest_route=%2Fwp%2Fv2%2Fcomments&post=85831"}],"version-history":[{"count":0,"href":"https:\/\/diarioregionaldigital.com.br\/index.php?rest_route=\/wp\/v2\/posts\/85831\/revisions"}],"wp:featuredmedia":[{"embeddable":true,"href":"https:\/\/diarioregionaldigital.com.br\/index.php?rest_route=\/wp\/v2\/media\/85830"}],"wp:attachment":[{"href":"https:\/\/diarioregionaldigital.com.br\/index.php?rest_route=%2Fwp%2Fv2%2Fmedia&parent=85831"}],"wp:term":[{"taxonomy":"category","embeddable":true,"href":"https:\/\/diarioregionaldigital.com.br\/index.php?rest_route=%2Fwp%2Fv2%2Fcategories&post=85831"},{"taxonomy":"post_tag","embeddable":true,"href":"https:\/\/diarioregionaldigital.com.br\/index.php?rest_route=%2Fwp%2Fv2%2Ftags&post=85831"}],"curies":[{"name":"wp","href":"https:\/\/api.w.org\/{rel}","templated":true}]}}