{"id":85829,"date":"2017-11-22T19:40:49","date_gmt":"2017-11-22T21:40:49","guid":{"rendered":"http:\/\/diarioregionaljf.com.br\/2017\/11\/22\/especialistas-e-parlamentares-defendem-prioridade-para-politicas-publicas-para-a-primeira-infancia\/"},"modified":"2017-11-22T19:40:49","modified_gmt":"2017-11-22T21:40:49","slug":"especialistas-e-parlamentares-defendem-prioridade-para-politicas-publicas-para-a-primeira-infancia","status":"publish","type":"post","link":"https:\/\/diarioregionaldigital.com.br\/?p=85829","title":{"rendered":"Especialistas e parlamentares defendem prioridade para pol\u00edticas p\u00fablicas para a primeira inf\u00e2ncia"},"content":{"rendered":"<p>Parlamentares, gestores p\u00fablicos e pesquisadores brasileiros e estrangeiros consideram o cuidado com as crian\u00e7as at\u00e9 os seis anos, a primeira inf\u00e2ncia, a melhor maneira de combater problemas da vida adulta, em especial o envolvimento com a viol\u00eancia. O tema foi discutido durante o 5\u00ba Semin\u00e1rio Internacional sobre o Marco Legal da Primeira Inf\u00e2ncia (Lei 13.257\/16), nessa quarta-feira, 22. O evento foi promovido pela Secretaria da Mulher da C\u00e2mara.<\/p>\n<p>Segundo a coordenadora da bancada feminina, deputada Soraya Santos (PMDB-RJ), nos Estados Unidos, a cada d\u00f3lar investido nos primeiros seis anos de vida da crian\u00e7a, sete d\u00f3lares s\u00e3o economizados em outros setores, como seguran\u00e7a p\u00fablica.<\/p>\n<p>&#8220;Quando a crise est\u00e1 grande &#8211; e n\u00f3s estamos passando por uma crise -, o primeiro corte vem sempre na primeira inf\u00e2ncia. Precisamos romper o ciclo de viol\u00eancia que existe neste pa\u00eds e que est\u00e1 nos jornais todos os dias e a melhor forma de romper esse ciclo \u00e9 investir na primeira inf\u00e2ncia.&#8221;<\/p>\n<p>O presidente da C\u00e2mara, Rodrigo Maia, abriu o Semin\u00e1rio e a sua presen\u00e7a foi interpretada como um compromisso em fazer avan\u00e7ar propostas relacionadas \u00e0 primeira inf\u00e2ncia. Maia se mostrou aberto a trabalhar em prol da vota\u00e7\u00e3o de propostas como a que torna permanente o Fundo de Desenvolvimento da Educa\u00e7\u00e3o B\u00e1sica (Fundeb &#8211; PEC 15\/15).<\/p>\n<p>&#8220;Temos algumas mat\u00e9rias importantes. Talvez a mais importante seja a emenda constitucional do Fundeb, que est\u00e1 pronta para ser votada na comiss\u00e3o especial. Que a gente possa aprov\u00e1-la na comiss\u00e3o especial o mais r\u00e1pido poss\u00edvel e aprov\u00e1-la no Plen\u00e1rio, para que a C\u00e2mara tamb\u00e9m possa contribuir com esse objetivo fundamental de qualquer pa\u00eds, que \u00e9 a educa\u00e7\u00e3o&#8221;, ressaltou.<\/p>\n<p>O semin\u00e1rio debateu meios de se avan\u00e7ar na implementa\u00e7\u00e3o do Marco Legal da Primeira Inf\u00e2ncia, com a integra\u00e7\u00e3o de a\u00e7\u00f5es de diversos minist\u00e9rios, como Sa\u00fade, Desenvolvimento Social, Educa\u00e7\u00e3o e Direitos Humanos.<\/p>\n<p>O ministro do Desenvolvimento Social, Osmar Terra, apresentou os primeiros n\u00fameros do Programa Crian\u00e7a Feliz, que promove visitas domiciliares semanais a crian\u00e7as e gestantes para acompanhar o seu desenvolvimento e promover uma cultura de paz. Segundo o minist\u00e9rio, quase 120 mil crian\u00e7as e mulheres gr\u00e1vidas de 1.331 munic\u00edpios j\u00e1 recebem o atendimento.<\/p>\n<p>Fonte: Ag\u00eancia C\u00e2mara Not\u00edcias<\/p>\n","protected":false},"excerpt":{"rendered":"<p>Parlamentares, gestores p\u00fablicos e pesquisadores brasileiros e estrangeiros consideram o cuidado com as crian\u00e7as at\u00e9 os seis anos, a primeira inf\u00e2ncia, a melhor maneira de combater problemas da vida adulta, em especial o envolvimento com a viol\u00eancia. O tema foi discutido durante o 5\u00ba Semin\u00e1rio Internacional sobre o Marco Legal da Primeira Inf\u00e2ncia (Lei 13.257\/16), [&hellip;]<\/p>\n","protected":false},"author":96,"featured_media":85828,"comment_status":"closed","ping_status":"closed","sticky":false,"template":"","format":"standard","meta":{"footnotes":""},"categories":[254],"tags":[],"class_list":["post-85829","post","type-post","status-publish","format-standard","has-post-thumbnail","hentry","category-politica"],"_links":{"self":[{"href":"https:\/\/diarioregionaldigital.com.br\/index.php?rest_route=\/wp\/v2\/posts\/85829","targetHints":{"allow":["GET"]}}],"collection":[{"href":"https:\/\/diarioregionaldigital.com.br\/index.php?rest_route=\/wp\/v2\/posts"}],"about":[{"href":"https:\/\/diarioregionaldigital.com.br\/index.php?rest_route=\/wp\/v2\/types\/post"}],"author":[{"embeddable":true,"href":"https:\/\/diarioregionaldigital.com.br\/index.php?rest_route=\/wp\/v2\/users\/96"}],"replies":[{"embeddable":true,"href":"https:\/\/diarioregionaldigital.com.br\/index.php?rest_route=%2Fwp%2Fv2%2Fcomments&post=85829"}],"version-history":[{"count":0,"href":"https:\/\/diarioregionaldigital.com.br\/index.php?rest_route=\/wp\/v2\/posts\/85829\/revisions"}],"wp:featuredmedia":[{"embeddable":true,"href":"https:\/\/diarioregionaldigital.com.br\/index.php?rest_route=\/wp\/v2\/media\/85828"}],"wp:attachment":[{"href":"https:\/\/diarioregionaldigital.com.br\/index.php?rest_route=%2Fwp%2Fv2%2Fmedia&parent=85829"}],"wp:term":[{"taxonomy":"category","embeddable":true,"href":"https:\/\/diarioregionaldigital.com.br\/index.php?rest_route=%2Fwp%2Fv2%2Fcategories&post=85829"},{"taxonomy":"post_tag","embeddable":true,"href":"https:\/\/diarioregionaldigital.com.br\/index.php?rest_route=%2Fwp%2Fv2%2Ftags&post=85829"}],"curies":[{"name":"wp","href":"https:\/\/api.w.org\/{rel}","templated":true}]}}