{"id":85825,"date":"2017-11-22T19:25:25","date_gmt":"2017-11-22T21:25:25","guid":{"rendered":"http:\/\/diarioregionaljf.com.br\/2017\/11\/22\/orcamento-da-pjf-para-2018-ultrapassa-r-2-bilhoes\/"},"modified":"2017-11-22T19:25:25","modified_gmt":"2017-11-22T21:25:25","slug":"orcamento-da-pjf-para-2018-ultrapassa-r-2-bilhoes","status":"publish","type":"post","link":"https:\/\/diarioregionaldigital.com.br\/?p=85825","title":{"rendered":"Or\u00e7amento da PJF para 2018 ultrapassa R$2 bilh\u00f5es"},"content":{"rendered":"<p>A Prefeitura de Juiz de Fora (PJF) apresentou, na tarde dessa ter\u00e7a-feira, 21, a Lei Or\u00e7ament\u00e1ria Anual (LOA) para o ano de 2018, no plen\u00e1rio da C\u00e2mara Municipal. O secret\u00e1rio de Planejamento e Gest\u00e3o da PJF, Argemiro Tavares, foi o respons\u00e1vel por apresentar os valores que, segundo ele, s\u00e3o proje\u00e7\u00f5es e expectativas para o pr\u00f3ximo ano. O or\u00e7amento previsto para 2018 \u00e9 de R$2.011.779.100 (dois bilh\u00f5es, 11 milh\u00f5es, setecentos e setenta e nove mil e cem reais), um aumento de 0,82% em rela\u00e7\u00e3o ao ano de 2017.<\/p>\n<p>Ainda segundo o secret\u00e1rio, do valor total, apenas R$565.078.830,51 ser\u00e3o da receita do pr\u00f3prio munic\u00edpio, no que cabe a impostos, taxas, patrimonial, servi\u00e7os e demais encargos. Como a maior parte do or\u00e7amento \u00e9 financiada por repasses da Uni\u00e3o e do Estado, Argemiro destacou que a situa\u00e7\u00e3o econ\u00f4mica do pa\u00eds influencia na expectativa da receita.<\/p>\n<p>Para manter o funcionamento dos servi\u00e7os municipais e demais gastos com servidores, o Executivo projeta gastar R$861.299.435. Para educa\u00e7\u00e3o 30,55%, sa\u00fade 25,66%, inativos 19,18% e ao Legislativo 2,98%.<\/p>\n<p>A presidente da Comiss\u00e3o de Finan\u00e7as, Or\u00e7amento e Fiscaliza\u00e7\u00e3o Financeira da C\u00e2mara, vereadora Ana Rossignoli (Ana do Padre Frederico-PMDB), lembrou ainda que audi\u00eancia \u00e9 importante para garantir a transpar\u00eancia fiscal e a incentivar a participa\u00e7\u00e3o popular nas pol\u00edticas p\u00fablicas.<\/p>\n<p>Fonte: Assessoria<\/p>\n","protected":false},"excerpt":{"rendered":"<p>A Prefeitura de Juiz de Fora (PJF) apresentou, na tarde dessa ter\u00e7a-feira, 21, a Lei Or\u00e7ament\u00e1ria Anual (LOA) para o ano de 2018, no plen\u00e1rio da C\u00e2mara Municipal. O secret\u00e1rio de Planejamento e Gest\u00e3o da PJF, Argemiro Tavares, foi o respons\u00e1vel por apresentar os valores que, segundo ele, s\u00e3o proje\u00e7\u00f5es e expectativas para o pr\u00f3ximo [&hellip;]<\/p>\n","protected":false},"author":96,"featured_media":85824,"comment_status":"closed","ping_status":"closed","sticky":false,"template":"","format":"standard","meta":{"footnotes":""},"categories":[254],"tags":[],"class_list":["post-85825","post","type-post","status-publish","format-standard","has-post-thumbnail","hentry","category-politica"],"_links":{"self":[{"href":"https:\/\/diarioregionaldigital.com.br\/index.php?rest_route=\/wp\/v2\/posts\/85825","targetHints":{"allow":["GET"]}}],"collection":[{"href":"https:\/\/diarioregionaldigital.com.br\/index.php?rest_route=\/wp\/v2\/posts"}],"about":[{"href":"https:\/\/diarioregionaldigital.com.br\/index.php?rest_route=\/wp\/v2\/types\/post"}],"author":[{"embeddable":true,"href":"https:\/\/diarioregionaldigital.com.br\/index.php?rest_route=\/wp\/v2\/users\/96"}],"replies":[{"embeddable":true,"href":"https:\/\/diarioregionaldigital.com.br\/index.php?rest_route=%2Fwp%2Fv2%2Fcomments&post=85825"}],"version-history":[{"count":0,"href":"https:\/\/diarioregionaldigital.com.br\/index.php?rest_route=\/wp\/v2\/posts\/85825\/revisions"}],"wp:featuredmedia":[{"embeddable":true,"href":"https:\/\/diarioregionaldigital.com.br\/index.php?rest_route=\/wp\/v2\/media\/85824"}],"wp:attachment":[{"href":"https:\/\/diarioregionaldigital.com.br\/index.php?rest_route=%2Fwp%2Fv2%2Fmedia&parent=85825"}],"wp:term":[{"taxonomy":"category","embeddable":true,"href":"https:\/\/diarioregionaldigital.com.br\/index.php?rest_route=%2Fwp%2Fv2%2Fcategories&post=85825"},{"taxonomy":"post_tag","embeddable":true,"href":"https:\/\/diarioregionaldigital.com.br\/index.php?rest_route=%2Fwp%2Fv2%2Ftags&post=85825"}],"curies":[{"name":"wp","href":"https:\/\/api.w.org\/{rel}","templated":true}]}}