{"id":85823,"date":"2017-11-22T19:14:12","date_gmt":"2017-11-22T21:14:12","guid":{"rendered":"http:\/\/diarioregionaljf.com.br\/2017\/11\/22\/suspeito-de-tentativa-de-homicidio-e-preso-no-bandeirantes\/"},"modified":"2017-11-22T19:14:12","modified_gmt":"2017-11-22T21:14:12","slug":"suspeito-de-tentativa-de-homicidio-e-preso-no-bandeirantes","status":"publish","type":"post","link":"https:\/\/diarioregionaldigital.com.br\/?p=85823","title":{"rendered":"Suspeito de tentativa de homic\u00eddio \u00e9 preso no Bandeirantes"},"content":{"rendered":"<p>Durante rastreamento, a Pol\u00edcia Militar (PM) localizou, na manh\u00e3 desta quarta-feira, 22, no bairro Bandeirantes, regi\u00e3o Nordeste de Juiz de Fora, um homem suspeito de <a href=\"policial\/21475-homem-e-atingido-por-tiro-no-rosto-no-bairro-bandeirantes\" target=\"_blank\" rel=\"noopener noreferrer\">tentativa de homic\u00eddio registrada durante a madrugada, no mesmo bairro<\/a>. A v\u00edtima do crime foi alvejada com um disparo de arma de fogo na face e socorrida ao hospital.<\/p>\n<p>De posse de informa\u00e7\u00f5es de que o suspeito estaria escondido no bairro, as equipes da PM deram sequ\u00eancia \u00e0s buscas pelo mesmo. Pouco antes das 9h, militares visualizaram dois cidad\u00e3os em atitude suspeita e deram ordem de parada para a dupla. Um deles fugiu pelas ruas do bairro e dispensou pelo caminho seis muni\u00e7\u00f5es calibre.36.<\/p>\n<p>O homem foi perseguido e detido pelos militares.<\/p>\n<p>O coordenador do policiamento da unidade realizou contato com a v\u00edtima do homic\u00eddio tentado, a qual indicou um dos presos como sendo o autor do crime.<\/p>\n<p>Foram realizadas buscas afim de localizar a arma de fogo calibre.36, a arma utilizada na tentativa de homic\u00eddio e outros materiais, por\u00e9m, nada foi encontrado.<\/p>\n<p>Os detidos e as muni\u00e7\u00f5es foram encaminhados para delegacia de pol\u00edcia.<\/p>\n","protected":false},"excerpt":{"rendered":"<p>Durante rastreamento, a Pol\u00edcia Militar (PM) localizou, na manh\u00e3 desta quarta-feira, 22, no bairro Bandeirantes, regi\u00e3o Nordeste de Juiz de Fora, um homem suspeito de tentativa de homic\u00eddio registrada durante a madrugada, no mesmo bairro. A v\u00edtima do crime foi alvejada com um disparo de arma de fogo na face e socorrida ao hospital. De [&hellip;]<\/p>\n","protected":false},"author":96,"featured_media":85822,"comment_status":"closed","ping_status":"closed","sticky":false,"template":"","format":"standard","meta":{"footnotes":""},"categories":[301],"tags":[],"class_list":["post-85823","post","type-post","status-publish","format-standard","has-post-thumbnail","hentry","category-artigos-policiais"],"_links":{"self":[{"href":"https:\/\/diarioregionaldigital.com.br\/index.php?rest_route=\/wp\/v2\/posts\/85823","targetHints":{"allow":["GET"]}}],"collection":[{"href":"https:\/\/diarioregionaldigital.com.br\/index.php?rest_route=\/wp\/v2\/posts"}],"about":[{"href":"https:\/\/diarioregionaldigital.com.br\/index.php?rest_route=\/wp\/v2\/types\/post"}],"author":[{"embeddable":true,"href":"https:\/\/diarioregionaldigital.com.br\/index.php?rest_route=\/wp\/v2\/users\/96"}],"replies":[{"embeddable":true,"href":"https:\/\/diarioregionaldigital.com.br\/index.php?rest_route=%2Fwp%2Fv2%2Fcomments&post=85823"}],"version-history":[{"count":0,"href":"https:\/\/diarioregionaldigital.com.br\/index.php?rest_route=\/wp\/v2\/posts\/85823\/revisions"}],"wp:featuredmedia":[{"embeddable":true,"href":"https:\/\/diarioregionaldigital.com.br\/index.php?rest_route=\/wp\/v2\/media\/85822"}],"wp:attachment":[{"href":"https:\/\/diarioregionaldigital.com.br\/index.php?rest_route=%2Fwp%2Fv2%2Fmedia&parent=85823"}],"wp:term":[{"taxonomy":"category","embeddable":true,"href":"https:\/\/diarioregionaldigital.com.br\/index.php?rest_route=%2Fwp%2Fv2%2Fcategories&post=85823"},{"taxonomy":"post_tag","embeddable":true,"href":"https:\/\/diarioregionaldigital.com.br\/index.php?rest_route=%2Fwp%2Fv2%2Ftags&post=85823"}],"curies":[{"name":"wp","href":"https:\/\/api.w.org\/{rel}","templated":true}]}}