{"id":85821,"date":"2017-11-22T19:11:40","date_gmt":"2017-11-22T21:11:40","guid":{"rendered":"http:\/\/diarioregionaljf.com.br\/2017\/11\/22\/8-dia-do-sindico-e-realizado-neste-sabado\/"},"modified":"2017-11-22T19:11:40","modified_gmt":"2017-11-22T21:11:40","slug":"8-dia-do-sindico-e-realizado-neste-sabado","status":"publish","type":"post","link":"https:\/\/diarioregionaldigital.com.br\/?p=85821","title":{"rendered":"8\u00aa Dia do S\u00edndico \u00e9 realizado neste s\u00e1bado"},"content":{"rendered":"<p>A L\u00f3gica Comunica\u00e7\u00e3o e a revista \u201cO S\u00edndico\u201d promovem neste s\u00e1bado, 25, a oitava edi\u00e7\u00e3o do Dia do S\u00edndico. O evento ser\u00e1 realizado no Edif\u00edcio Le Quartier Granbery, de 9h \u00e0s 17h, e visa a gera\u00e7\u00e3o de neg\u00f3cios, apresenta\u00e7\u00e3o de solu\u00e7\u00f5es para os problemas e necessidades dos condom\u00ednios e a troca de experi\u00eancia entre os participantes.<\/p>\n<p>\u201cAl\u00e9m disso, tamb\u00e9m iremos confraternizar e comemorar o Dia do S\u00edndico, que \u00e9 celebrado no dia 30 de novembro. O evento \u00e9 um ato de reconhecimento dos s\u00edndicos da cidade\u201d, ressaltou a organizadora Andrea Castilho.<\/p>\n<p>O evento \u00e9 dedicado a s\u00edndicos, conselheiros dos condom\u00ednios, subs\u00edndicos e administradores de condom\u00ednios. \u201cTodo ano, a gente traz informa\u00e7\u00e3o que ajuda os profissionais do segmento\u201d, destacou Andrea. Ao longo do dia, seis palestras ser\u00e3o realizadas. \u201cAs tem\u00e1ticas s\u00e3o responsabilidade civil do s\u00edndico; projetos de preven\u00e7\u00e3o e combate a inc\u00eandio; coleta seletiva. Na parte da tarde, teremos cobran\u00e7a de d\u00e9bitos condominiais; energia solar para condom\u00ednio; e a media\u00e7\u00e3o dos conflitos condominiais\u201d, acrescentou.<\/p>\n<p>A organiza\u00e7\u00e3o tamb\u00e9m ir\u00e1 disponibilizar um coffee break durante os intervalos do evento, al\u00e9m de realizar sorteio de brindes e pr\u00eamios ap\u00f3s os ciclos de palestras. \u201cEste ano, vamos sortear liquidificador, cafeteria, mixer e churrasqueira el\u00e9trica. Os expositores tamb\u00e9m v\u00e3o realizar sorteios de brindes, produtos e servi\u00e7os\u201d, explicou a organizadora.<\/p>\n<p>O evento \u00e9 realizado h\u00e1 nove anos e, ao longo desse per\u00edodo, Andrea acompanhou diversas mudan\u00e7as no segmento. \u201cH\u00e1 nove anos, quando a gente come\u00e7ou, a discuss\u00e3o era b\u00e1sica e as pessoas n\u00e3o entendiam muito a respeito de condom\u00ednio. De l\u00e1 para c\u00e1, houve mudan\u00e7as significativas no segmento. Atualmente, h\u00e1 um n\u00famero maior de condom\u00ednios e de v\u00e1rias tipifica\u00e7\u00f5es e, por isso, as discuss\u00f5es alcan\u00e7aram n\u00edveis mais profundos\u201d, ponderou.<\/p>\n<p>As inscri\u00e7\u00f5es s\u00e3o gratuitas e as \u00faltimas vagas est\u00e3o dispon\u00edveis. \u201cOs interessados encontram informa\u00e7\u00f5es, detalhes e o formul\u00e1rio de inscri\u00e7\u00e3o em nosso site. Para confirmar a inscri\u00e7\u00e3o, as pessoas devem entregar 1 kg de alimento n\u00e3o perec\u00edvel em nosso escrit\u00f3rio, situado na Rua Halfeld, n\u00ba414, na sala 710\u201d, disse Andrea. Se voc\u00ea ficou interessado, acesse <a href=\"http:\/\/www.sindicojf.com.br\/diadosindico\">www.sindicojf.com.br\/diadosindico<\/a>.<\/p>\n<p>O 8\u00ba Dia do S\u00edndico ser\u00e1 realizado no audit\u00f3rio do Edif\u00edcio Le Quartier que fica na cobertura da torre comercial, situado na Rua Batista de Oliveira, n\u00ba822, Centro.<\/p>\n","protected":false},"excerpt":{"rendered":"<p>A L\u00f3gica Comunica\u00e7\u00e3o e a revista \u201cO S\u00edndico\u201d promovem neste s\u00e1bado, 25, a oitava edi\u00e7\u00e3o do Dia do S\u00edndico. O evento ser\u00e1 realizado no Edif\u00edcio Le Quartier Granbery, de 9h \u00e0s 17h, e visa a gera\u00e7\u00e3o de neg\u00f3cios, apresenta\u00e7\u00e3o de solu\u00e7\u00f5es para os problemas e necessidades dos condom\u00ednios e a troca de experi\u00eancia entre os [&hellip;]<\/p>\n","protected":false},"author":96,"featured_media":85820,"comment_status":"closed","ping_status":"closed","sticky":false,"template":"","format":"standard","meta":{"footnotes":""},"categories":[253],"tags":[],"class_list":["post-85821","post","type-post","status-publish","format-standard","has-post-thumbnail","hentry","category-cidade"],"_links":{"self":[{"href":"https:\/\/diarioregionaldigital.com.br\/index.php?rest_route=\/wp\/v2\/posts\/85821","targetHints":{"allow":["GET"]}}],"collection":[{"href":"https:\/\/diarioregionaldigital.com.br\/index.php?rest_route=\/wp\/v2\/posts"}],"about":[{"href":"https:\/\/diarioregionaldigital.com.br\/index.php?rest_route=\/wp\/v2\/types\/post"}],"author":[{"embeddable":true,"href":"https:\/\/diarioregionaldigital.com.br\/index.php?rest_route=\/wp\/v2\/users\/96"}],"replies":[{"embeddable":true,"href":"https:\/\/diarioregionaldigital.com.br\/index.php?rest_route=%2Fwp%2Fv2%2Fcomments&post=85821"}],"version-history":[{"count":0,"href":"https:\/\/diarioregionaldigital.com.br\/index.php?rest_route=\/wp\/v2\/posts\/85821\/revisions"}],"wp:featuredmedia":[{"embeddable":true,"href":"https:\/\/diarioregionaldigital.com.br\/index.php?rest_route=\/wp\/v2\/media\/85820"}],"wp:attachment":[{"href":"https:\/\/diarioregionaldigital.com.br\/index.php?rest_route=%2Fwp%2Fv2%2Fmedia&parent=85821"}],"wp:term":[{"taxonomy":"category","embeddable":true,"href":"https:\/\/diarioregionaldigital.com.br\/index.php?rest_route=%2Fwp%2Fv2%2Fcategories&post=85821"},{"taxonomy":"post_tag","embeddable":true,"href":"https:\/\/diarioregionaldigital.com.br\/index.php?rest_route=%2Fwp%2Fv2%2Ftags&post=85821"}],"curies":[{"name":"wp","href":"https:\/\/api.w.org\/{rel}","templated":true}]}}