{"id":85819,"date":"2017-11-22T18:58:06","date_gmt":"2017-11-22T20:58:06","guid":{"rendered":"http:\/\/diarioregionaljf.com.br\/2017\/11\/22\/mamae-noel-mobiliza-comunidade-para-arrecadar-presentes-para-criancas-carentes\/"},"modified":"2017-11-22T18:58:06","modified_gmt":"2017-11-22T20:58:06","slug":"mamae-noel-mobiliza-comunidade-para-arrecadar-presentes-para-criancas-carentes","status":"publish","type":"post","link":"https:\/\/diarioregionaldigital.com.br\/?p=85819","title":{"rendered":"\u201cMam\u00e3e Noel\u201d mobiliza comunidade para arrecadar presentes para crian\u00e7as carentes"},"content":{"rendered":"<p>A rotina de Margarida Maria Gomes, de 61 anos, n\u00e3o \u00e9 f\u00e1cil. Pelas ruas da cidade, a aposentada vende canetas, bolos, pudins, tudo para arrecadar dinheiro para comprar brinquedos e lanches para as crian\u00e7as carentes dos bairros da zona Norte e de outras cidades da regi\u00e3o.<\/p>\n<p>A a\u00e7\u00e3o, que come\u00e7ou h\u00e1 32 anos, foi motivada por um pedido especial do filho. \u201cEstava me preparando para uma festinha de aniversario para meu filho, entretanto, meu sogro veio a falecer, o que impediu a realiza\u00e7\u00e3o da festa. Por\u00e9m, meu filho me disse que ficaria muito feliz se eu arrumasse um Papai Noel para que ele pudesse conversar e, se eu conseguisse isso, n\u00e3o precisaria de mais nada\u201d, lembra. Na \u00e9poca, Margarida trabalhava como faxineira e n\u00e3o tinha ideia de como levar o \u201cbom velhinho\u201d para sua casa. Foi a\u00ed que uma amiga lhe emprestou uma fantasia. \u201cFiz uma surpresa para ele, que ficou muito feliz, mas n\u00e3o sabia que eu estava vestida de Papai Noel. Para completar, ele me pediu que levasse algumas balas e entregasse para as crian\u00e7as nas ruas. Durante a distribui\u00e7\u00e3o, as crian\u00e7as n\u00e3o ficaram satisfeitas somente com os doces e queriam presentes, mas como n\u00e3o estava preparada, n\u00e3o consegui atender aos pedidos\u201d, relembra.<\/p>\n<p>Ela conta que, no dia seguinte, o menino havia lhe questionado sobre onde esteve enquanto o Papai Noel o visitava. \u201cFalei com ele que n\u00e3o participei da festa, pois estava trabalhando. Foi quando ele me sugeriu que era para todos os anos comemorar o seu anivers\u00e1rio distribuindo presentes para as crian\u00e7as\u201d, conta Margarida.<\/p>\n<p>Desde ent\u00e3o, a \u201cMam\u00e3e Noel\u201d, como \u00e9 conhecida, leva alegria para a crian\u00e7ada que mora nos bairros Esplanada, F\u00e1brica, Jardim Natal, Monte Castelo, Amazonas, Milho Branco, al\u00e9m de zonas rurais de Juiz de Fora e outras cidades, como Lima Duarte e Olaria. \u201cComecei com 50 crian\u00e7as e hoje s\u00e3o mais de 1.500. Os pais que pegavam os presentes enquanto pequenos, agora levam seus filhos para a festa\u201d, refor\u00e7a Margarida.<\/p>\n<p>Agora, a ideia \u00e9 expandir as atividades. Mas, para tanto, \u00e9 preciso conseguir mais ajuda e doa\u00e7\u00f5es. A expectativa \u00e9 que no dia 24 todas as crian\u00e7as sejam presenteadas. Margarida aceita brinquedos, doces, alimentos para o cachorro-quente e at\u00e9 mesmo a apresenta\u00e7\u00e3o de uma banda de m\u00fasica. \u201cAs crian\u00e7as adoram quando tocam o hino do Natal, \u00e9 uma alegria imensur\u00e1vel! Se as pessoas tiverem interesse e puderem tocar, ficarei satisfeita\u201d, solicita.<\/p>\n<p>Para doar, basta entrar em contato pelo telefone (32) 99138-4556 ou ir at\u00e9 a resid\u00eancia da &#8220;Mam\u00e3e Noel&#8221;, na Rua Branca, n\u00ba66, bairro Milho Branco. Ela pede que os interessados entrem em contato por volta das 18h, momento em que est\u00e1 em casa, j\u00e1 que, durante o dia, est\u00e1 vendendo os objetos para arrecadar fundos para a iniciativa. Preferencialmente, as doa\u00e7\u00f5es devem ser realizadas at\u00e9 o dia 5 de dezembro.<\/p>\n","protected":false},"excerpt":{"rendered":"<p>A rotina de Margarida Maria Gomes, de 61 anos, n\u00e3o \u00e9 f\u00e1cil. Pelas ruas da cidade, a aposentada vende canetas, bolos, pudins, tudo para arrecadar dinheiro para comprar brinquedos e lanches para as crian\u00e7as carentes dos bairros da zona Norte e de outras cidades da regi\u00e3o. A a\u00e7\u00e3o, que come\u00e7ou h\u00e1 32 anos, foi motivada [&hellip;]<\/p>\n","protected":false},"author":96,"featured_media":85818,"comment_status":"closed","ping_status":"closed","sticky":false,"template":"","format":"standard","meta":{"footnotes":""},"categories":[253],"tags":[],"class_list":["post-85819","post","type-post","status-publish","format-standard","has-post-thumbnail","hentry","category-cidade"],"_links":{"self":[{"href":"https:\/\/diarioregionaldigital.com.br\/index.php?rest_route=\/wp\/v2\/posts\/85819","targetHints":{"allow":["GET"]}}],"collection":[{"href":"https:\/\/diarioregionaldigital.com.br\/index.php?rest_route=\/wp\/v2\/posts"}],"about":[{"href":"https:\/\/diarioregionaldigital.com.br\/index.php?rest_route=\/wp\/v2\/types\/post"}],"author":[{"embeddable":true,"href":"https:\/\/diarioregionaldigital.com.br\/index.php?rest_route=\/wp\/v2\/users\/96"}],"replies":[{"embeddable":true,"href":"https:\/\/diarioregionaldigital.com.br\/index.php?rest_route=%2Fwp%2Fv2%2Fcomments&post=85819"}],"version-history":[{"count":0,"href":"https:\/\/diarioregionaldigital.com.br\/index.php?rest_route=\/wp\/v2\/posts\/85819\/revisions"}],"wp:featuredmedia":[{"embeddable":true,"href":"https:\/\/diarioregionaldigital.com.br\/index.php?rest_route=\/wp\/v2\/media\/85818"}],"wp:attachment":[{"href":"https:\/\/diarioregionaldigital.com.br\/index.php?rest_route=%2Fwp%2Fv2%2Fmedia&parent=85819"}],"wp:term":[{"taxonomy":"category","embeddable":true,"href":"https:\/\/diarioregionaldigital.com.br\/index.php?rest_route=%2Fwp%2Fv2%2Fcategories&post=85819"},{"taxonomy":"post_tag","embeddable":true,"href":"https:\/\/diarioregionaldigital.com.br\/index.php?rest_route=%2Fwp%2Fv2%2Ftags&post=85819"}],"curies":[{"name":"wp","href":"https:\/\/api.w.org\/{rel}","templated":true}]}}