{"id":85817,"date":"2017-11-22T18:47:36","date_gmt":"2017-11-22T20:47:36","guid":{"rendered":"http:\/\/diarioregionaljf.com.br\/2017\/11\/22\/inscricoes-para-compor-conselho-municipal-de-protecao-animal-terminam-na-sexta-feira\/"},"modified":"2017-11-22T18:47:36","modified_gmt":"2017-11-22T20:47:36","slug":"inscricoes-para-compor-conselho-municipal-de-protecao-animal-terminam-na-sexta-feira","status":"publish","type":"post","link":"https:\/\/diarioregionaldigital.com.br\/?p=85817","title":{"rendered":"Inscri\u00e7\u00f5es para compor Conselho Municipal de Prote\u00e7\u00e3o Animal terminam na sexta-feira"},"content":{"rendered":"<p>Representantes da sociedade civil organizada, interessados em ocupar cadeira na primeira forma\u00e7\u00e3o do Conselho Municipal de Prote\u00e7\u00e3o Animal (Compa) devem comparecer \u00e0 sede do Departamento Municipal de Limpeza Urbana (Demlurb), na Av. Francisco Valadares, n\u00ba1.000, bairro Vila Ideal, at\u00e9 sexta-feira, 24. Os documentos necess\u00e1rios e o formul\u00e1rio de candidatura podem ser encontrados neste <a href=\"https:\/\/www.pjf.mg.gov.br\/e_atos\/e_atos_vis.php?id=56311\" target=\"_blank\" rel=\"noopener noreferrer\">link<\/a>.<\/p>\n<p>Segundo o coordenador da comiss\u00e3o eleitoral, Haroldo Dias Junior, com a cria\u00e7\u00e3o do conselho ser\u00e1 poss\u00edvel dar mais voz \u00e0 sociedade, pois o Compa ter\u00e1 fun\u00e7\u00e3o deliberativa e fiscalizadora do poder p\u00fablico. Por isso, a import\u00e2ncia de envolver diferentes segmentos da popula\u00e7\u00e3o na forma\u00e7\u00e3o da entidade. A segunda chamada do edital oferece duas vagas efetivas e duas de suplentes para entidades da sociedade civil organizada. As destinadas aos protetores independentes e m\u00e9dicos veterin\u00e1rios foram preenchidas na primeira chamada.<\/p>\n<p>O objetivo da cria\u00e7\u00e3o do Compa \u00e9 promover a efetiva\u00e7\u00e3o das pol\u00edticas p\u00fablicas e das a\u00e7\u00f5es voltadas para os temas relacionados \u00e0 defesa, controle e prote\u00e7\u00e3o dos animais em Juiz de Fora.<\/p>\n<p>&nbsp;<\/p>\n<h4>ELEI\u00c7\u00d5ES DO SEGMENTO<\/h4>\n<p>Ap\u00f3s o per\u00edodo de inscri\u00e7\u00e3o, o nome das entidades candidatas ser\u00e1 afixado na Casa dos Conselhos, no dia 27. A elei\u00e7\u00e3o deste segmento ser\u00e1 em 4 de dezembro, de 8h \u00e0s 12h e das 14h \u00e0s 17h, na sede do Demlurb.<\/p>\n<p>Caso as vagas n\u00e3o sejam preenchidas, o pr\u00f3prio conselho dar\u00e1 in\u00edcio ao processo de indica\u00e7\u00e3o de outras entidades, atrav\u00e9s de carta convite, com o objetivo de completar o quadro de integrantes.<\/p>\n<p>&nbsp;<\/p>\n<p>Fonte: Assessoria<\/p>\n","protected":false},"excerpt":{"rendered":"<p>Representantes da sociedade civil organizada, interessados em ocupar cadeira na primeira forma\u00e7\u00e3o do Conselho Municipal de Prote\u00e7\u00e3o Animal (Compa) devem comparecer \u00e0 sede do Departamento Municipal de Limpeza Urbana (Demlurb), na Av. Francisco Valadares, n\u00ba1.000, bairro Vila Ideal, at\u00e9 sexta-feira, 24. Os documentos necess\u00e1rios e o formul\u00e1rio de candidatura podem ser encontrados neste link. Segundo [&hellip;]<\/p>\n","protected":false},"author":96,"featured_media":85816,"comment_status":"closed","ping_status":"closed","sticky":false,"template":"","format":"standard","meta":{"footnotes":""},"categories":[253],"tags":[],"class_list":["post-85817","post","type-post","status-publish","format-standard","has-post-thumbnail","hentry","category-cidade"],"_links":{"self":[{"href":"https:\/\/diarioregionaldigital.com.br\/index.php?rest_route=\/wp\/v2\/posts\/85817","targetHints":{"allow":["GET"]}}],"collection":[{"href":"https:\/\/diarioregionaldigital.com.br\/index.php?rest_route=\/wp\/v2\/posts"}],"about":[{"href":"https:\/\/diarioregionaldigital.com.br\/index.php?rest_route=\/wp\/v2\/types\/post"}],"author":[{"embeddable":true,"href":"https:\/\/diarioregionaldigital.com.br\/index.php?rest_route=\/wp\/v2\/users\/96"}],"replies":[{"embeddable":true,"href":"https:\/\/diarioregionaldigital.com.br\/index.php?rest_route=%2Fwp%2Fv2%2Fcomments&post=85817"}],"version-history":[{"count":0,"href":"https:\/\/diarioregionaldigital.com.br\/index.php?rest_route=\/wp\/v2\/posts\/85817\/revisions"}],"wp:featuredmedia":[{"embeddable":true,"href":"https:\/\/diarioregionaldigital.com.br\/index.php?rest_route=\/wp\/v2\/media\/85816"}],"wp:attachment":[{"href":"https:\/\/diarioregionaldigital.com.br\/index.php?rest_route=%2Fwp%2Fv2%2Fmedia&parent=85817"}],"wp:term":[{"taxonomy":"category","embeddable":true,"href":"https:\/\/diarioregionaldigital.com.br\/index.php?rest_route=%2Fwp%2Fv2%2Fcategories&post=85817"},{"taxonomy":"post_tag","embeddable":true,"href":"https:\/\/diarioregionaldigital.com.br\/index.php?rest_route=%2Fwp%2Fv2%2Ftags&post=85817"}],"curies":[{"name":"wp","href":"https:\/\/api.w.org\/{rel}","templated":true}]}}