{"id":85815,"date":"2017-11-22T18:36:35","date_gmt":"2017-11-22T20:36:35","guid":{"rendered":"http:\/\/diarioregionaljf.com.br\/2017\/11\/22\/duas-pessoas-ficam-feridas-apos-carro-capotar-na-br-116\/"},"modified":"2017-11-22T18:36:35","modified_gmt":"2017-11-22T20:36:35","slug":"duas-pessoas-ficam-feridas-apos-carro-capotar-na-br-116","status":"publish","type":"post","link":"https:\/\/diarioregionaldigital.com.br\/?p=85815","title":{"rendered":"Duas pessoas ficam feridas ap\u00f3s carro capotar na BR-116"},"content":{"rendered":"<p>Um autom\u00f3vel de passeio saiu da pista, na BR-116, em frente ao Clube dos Banc\u00e1rios, em Muria\u00e9, e capotou por uma \u00e1rea de pastagem a pelo menos 10 metros abaixo do n\u00edvel da rodovia. O acidente aconteceu na manh\u00e3 desta quarta-feira, 22, e o casal de ocupantes sofreu apenas les\u00f5es leves.<\/p>\n<p>As v\u00edtimas foram socorridas pelo Servi\u00e7o de Atendimento M\u00f3vel de Urg\u00eancia (SAMU) e Corpo de Bombeiros, sendo levadas ao Pronto Socorro do Hospital S\u00e3o Paulo (HSP).<\/p>\n<p>O condutor do ve\u00edculo relatou que ele e esposa seguiam da Bahia para S\u00e3o Paulo e que perdeu o controle do carro ao desviar para a pista contr\u00e1ria a fim de evitar um choque frontal com um \u00f4nibus que invadiu sua m\u00e3o de dire\u00e7\u00e3o durante uma ultrapassagem.<\/p>\n<p>O carro saiu da estrada pelo lado oposto ao sentido pelo qual trafegava e teve a frente totalmente destru\u00edda.<\/p>\n<p>A Pol\u00edcia Rodovi\u00e1ria Federal (PRF) assumiu o registro da ocorr\u00eancia.<\/p>\n<p>&nbsp;<\/p>\n<p>Da reda\u00e7\u00e3o\/Colabora\u00e7\u00e3o R\u00e1dio Muria\u00e9<\/p>\n","protected":false},"excerpt":{"rendered":"<p>Um autom\u00f3vel de passeio saiu da pista, na BR-116, em frente ao Clube dos Banc\u00e1rios, em Muria\u00e9, e capotou por uma \u00e1rea de pastagem a pelo menos 10 metros abaixo do n\u00edvel da rodovia. O acidente aconteceu na manh\u00e3 desta quarta-feira, 22, e o casal de ocupantes sofreu apenas les\u00f5es leves. As v\u00edtimas foram socorridas [&hellip;]<\/p>\n","protected":false},"author":96,"featured_media":85814,"comment_status":"closed","ping_status":"closed","sticky":false,"template":"","format":"standard","meta":{"footnotes":""},"categories":[252],"tags":[],"class_list":["post-85815","post","type-post","status-publish","format-standard","has-post-thumbnail","hentry","category-regiao"],"_links":{"self":[{"href":"https:\/\/diarioregionaldigital.com.br\/index.php?rest_route=\/wp\/v2\/posts\/85815","targetHints":{"allow":["GET"]}}],"collection":[{"href":"https:\/\/diarioregionaldigital.com.br\/index.php?rest_route=\/wp\/v2\/posts"}],"about":[{"href":"https:\/\/diarioregionaldigital.com.br\/index.php?rest_route=\/wp\/v2\/types\/post"}],"author":[{"embeddable":true,"href":"https:\/\/diarioregionaldigital.com.br\/index.php?rest_route=\/wp\/v2\/users\/96"}],"replies":[{"embeddable":true,"href":"https:\/\/diarioregionaldigital.com.br\/index.php?rest_route=%2Fwp%2Fv2%2Fcomments&post=85815"}],"version-history":[{"count":0,"href":"https:\/\/diarioregionaldigital.com.br\/index.php?rest_route=\/wp\/v2\/posts\/85815\/revisions"}],"wp:featuredmedia":[{"embeddable":true,"href":"https:\/\/diarioregionaldigital.com.br\/index.php?rest_route=\/wp\/v2\/media\/85814"}],"wp:attachment":[{"href":"https:\/\/diarioregionaldigital.com.br\/index.php?rest_route=%2Fwp%2Fv2%2Fmedia&parent=85815"}],"wp:term":[{"taxonomy":"category","embeddable":true,"href":"https:\/\/diarioregionaldigital.com.br\/index.php?rest_route=%2Fwp%2Fv2%2Fcategories&post=85815"},{"taxonomy":"post_tag","embeddable":true,"href":"https:\/\/diarioregionaldigital.com.br\/index.php?rest_route=%2Fwp%2Fv2%2Ftags&post=85815"}],"curies":[{"name":"wp","href":"https:\/\/api.w.org\/{rel}","templated":true}]}}