{"id":85813,"date":"2017-11-22T18:24:25","date_gmt":"2017-11-22T20:24:25","guid":{"rendered":"http:\/\/diarioregionaljf.com.br\/2017\/11\/22\/prf-de-leopoldina-recupera-dois-veiculos-roubados\/"},"modified":"2017-11-22T18:24:25","modified_gmt":"2017-11-22T20:24:25","slug":"prf-de-leopoldina-recupera-dois-veiculos-roubados","status":"publish","type":"post","link":"https:\/\/diarioregionaldigital.com.br\/?p=85813","title":{"rendered":"PRF de Leopoldina recupera dois ve\u00edculos roubados"},"content":{"rendered":"<p>Dois ve\u00edculos roubados foram recuperados pela Pol\u00edcia Rodovi\u00e1ria Federal (PRF), na cidade de Leopoldina (a 97 Km de Juiz de Fora), nas \u00faltimas horas. Uma picape e um autom\u00f3vel modelo sedan foram abordados no posto da corpora\u00e7\u00e3o, \u00e0s margens de BR-116.<\/p>\n<p>O primeiro caso se deu na tarde de ter\u00e7a-feira, 21. De acordo com a PRF, a picape apresenta placas de Ipatinga (MG), cidade na qual reside seu condutor, de 31 anos, por\u00e9m, durante a fiscaliza\u00e7\u00e3o foi constatado que o ve\u00edculo havia sido roubado em Belo Horizonte, em 2016.<\/p>\n<p>O homem, que estaria seguido para o Rio de Janeiro, foi detido por suspeita de recepta\u00e7\u00e3o e conduzido \u00e0 delegacia da Pol\u00edcia Civil (PC).<\/p>\n<p>J\u00e1 o ve\u00edculo de passeio foi parado no posto da PRF na madrugada desta quarta-feira, 22, e, conforme a PRF, foi roubado no Rio de Janeiro. Ainda segundo a pol\u00edcia, o autom\u00f3vel era conduzido por um universit\u00e1rio de 31 anos que alegou ter pego o sedan emprestado com um amigo para fazer um prova na cidade de Itaperuna (RJ).<\/p>\n<p>Assim como na primeira ocorr\u00eancia, o motorista e o ve\u00edculo foram apresentados \u00e0 Pol\u00edcia Civil (PC).<\/p>\n<p>&nbsp;<\/p>\n<p>Fonte: R\u00e1dio Muria\u00e9<\/p>\n","protected":false},"excerpt":{"rendered":"<p>Dois ve\u00edculos roubados foram recuperados pela Pol\u00edcia Rodovi\u00e1ria Federal (PRF), na cidade de Leopoldina (a 97 Km de Juiz de Fora), nas \u00faltimas horas. Uma picape e um autom\u00f3vel modelo sedan foram abordados no posto da corpora\u00e7\u00e3o, \u00e0s margens de BR-116. O primeiro caso se deu na tarde de ter\u00e7a-feira, 21. De acordo com a [&hellip;]<\/p>\n","protected":false},"author":96,"featured_media":85812,"comment_status":"closed","ping_status":"closed","sticky":false,"template":"","format":"standard","meta":{"footnotes":""},"categories":[252],"tags":[],"class_list":["post-85813","post","type-post","status-publish","format-standard","has-post-thumbnail","hentry","category-regiao"],"_links":{"self":[{"href":"https:\/\/diarioregionaldigital.com.br\/index.php?rest_route=\/wp\/v2\/posts\/85813","targetHints":{"allow":["GET"]}}],"collection":[{"href":"https:\/\/diarioregionaldigital.com.br\/index.php?rest_route=\/wp\/v2\/posts"}],"about":[{"href":"https:\/\/diarioregionaldigital.com.br\/index.php?rest_route=\/wp\/v2\/types\/post"}],"author":[{"embeddable":true,"href":"https:\/\/diarioregionaldigital.com.br\/index.php?rest_route=\/wp\/v2\/users\/96"}],"replies":[{"embeddable":true,"href":"https:\/\/diarioregionaldigital.com.br\/index.php?rest_route=%2Fwp%2Fv2%2Fcomments&post=85813"}],"version-history":[{"count":0,"href":"https:\/\/diarioregionaldigital.com.br\/index.php?rest_route=\/wp\/v2\/posts\/85813\/revisions"}],"wp:featuredmedia":[{"embeddable":true,"href":"https:\/\/diarioregionaldigital.com.br\/index.php?rest_route=\/wp\/v2\/media\/85812"}],"wp:attachment":[{"href":"https:\/\/diarioregionaldigital.com.br\/index.php?rest_route=%2Fwp%2Fv2%2Fmedia&parent=85813"}],"wp:term":[{"taxonomy":"category","embeddable":true,"href":"https:\/\/diarioregionaldigital.com.br\/index.php?rest_route=%2Fwp%2Fv2%2Fcategories&post=85813"},{"taxonomy":"post_tag","embeddable":true,"href":"https:\/\/diarioregionaldigital.com.br\/index.php?rest_route=%2Fwp%2Fv2%2Ftags&post=85813"}],"curies":[{"name":"wp","href":"https:\/\/api.w.org\/{rel}","templated":true}]}}