{"id":85811,"date":"2017-11-22T18:11:35","date_gmt":"2017-11-22T20:11:35","guid":{"rendered":"http:\/\/diarioregionaljf.com.br\/2017\/11\/22\/agentes-encontram-celulares-em-meio-a-refeicoes-destinadas-a-detentos-da-penitenciaria-de-muriae\/"},"modified":"2017-11-22T18:11:35","modified_gmt":"2017-11-22T20:11:35","slug":"agentes-encontram-celulares-em-meio-a-refeicoes-destinadas-a-detentos-da-penitenciaria-de-muriae","status":"publish","type":"post","link":"https:\/\/diarioregionaldigital.com.br\/?p=85811","title":{"rendered":"Agentes encontram celulares em meio a refei\u00e7\u00f5es destinadas a detentos da Penitenci\u00e1ria de Muria\u00e9"},"content":{"rendered":"<p>Tr\u00eas celulares que seriam entregues a detentos do regime fechado da Penitenci\u00e1ria Regional de Muria\u00e9 foram apreendidos por agentes prisionais da unidade, nesta ter\u00e7a-feira, 21, em meio a refei\u00e7\u00f5es destinadas aos presos. Os aparelhos foram entregues \u00e0 Pol\u00edcia Civil (PC) e o caso est\u00e1 sendo apurado.<\/p>\n<p>Segundo informa\u00e7\u00f5es da PC, os agentes informaram que os celulares estavam em meio \u00e0 \u201cmarmitex\u201d que teriam sido levados at\u00e9 o pavilh\u00e3o por detentos que atuam nas chamadas \u201catividades intramuros\u201d, com a poss\u00edvel participa\u00e7\u00e3o de presos que trabalham na horta da penitenci\u00e1ria.<\/p>\n<p>O fato est\u00e1 sendo investigado e, al\u00e9m de eventual a\u00e7\u00e3o penal, os envolvidos responder\u00e3o \u00e0 Procedimento Administrativo Disciplinar.<\/p>\n<p>&nbsp;<\/p>\n<p>Da reda\u00e7\u00e3o\/Colabora\u00e7\u00e3o R\u00e1dio Muria\u00e9<\/p>\n","protected":false},"excerpt":{"rendered":"<p>Tr\u00eas celulares que seriam entregues a detentos do regime fechado da Penitenci\u00e1ria Regional de Muria\u00e9 foram apreendidos por agentes prisionais da unidade, nesta ter\u00e7a-feira, 21, em meio a refei\u00e7\u00f5es destinadas aos presos. Os aparelhos foram entregues \u00e0 Pol\u00edcia Civil (PC) e o caso est\u00e1 sendo apurado. Segundo informa\u00e7\u00f5es da PC, os agentes informaram que os [&hellip;]<\/p>\n","protected":false},"author":96,"featured_media":85810,"comment_status":"closed","ping_status":"closed","sticky":false,"template":"","format":"standard","meta":{"footnotes":""},"categories":[252],"tags":[],"class_list":["post-85811","post","type-post","status-publish","format-standard","has-post-thumbnail","hentry","category-regiao"],"_links":{"self":[{"href":"https:\/\/diarioregionaldigital.com.br\/index.php?rest_route=\/wp\/v2\/posts\/85811","targetHints":{"allow":["GET"]}}],"collection":[{"href":"https:\/\/diarioregionaldigital.com.br\/index.php?rest_route=\/wp\/v2\/posts"}],"about":[{"href":"https:\/\/diarioregionaldigital.com.br\/index.php?rest_route=\/wp\/v2\/types\/post"}],"author":[{"embeddable":true,"href":"https:\/\/diarioregionaldigital.com.br\/index.php?rest_route=\/wp\/v2\/users\/96"}],"replies":[{"embeddable":true,"href":"https:\/\/diarioregionaldigital.com.br\/index.php?rest_route=%2Fwp%2Fv2%2Fcomments&post=85811"}],"version-history":[{"count":0,"href":"https:\/\/diarioregionaldigital.com.br\/index.php?rest_route=\/wp\/v2\/posts\/85811\/revisions"}],"wp:featuredmedia":[{"embeddable":true,"href":"https:\/\/diarioregionaldigital.com.br\/index.php?rest_route=\/wp\/v2\/media\/85810"}],"wp:attachment":[{"href":"https:\/\/diarioregionaldigital.com.br\/index.php?rest_route=%2Fwp%2Fv2%2Fmedia&parent=85811"}],"wp:term":[{"taxonomy":"category","embeddable":true,"href":"https:\/\/diarioregionaldigital.com.br\/index.php?rest_route=%2Fwp%2Fv2%2Fcategories&post=85811"},{"taxonomy":"post_tag","embeddable":true,"href":"https:\/\/diarioregionaldigital.com.br\/index.php?rest_route=%2Fwp%2Fv2%2Ftags&post=85811"}],"curies":[{"name":"wp","href":"https:\/\/api.w.org\/{rel}","templated":true}]}}