{"id":85809,"date":"2017-11-22T17:59:37","date_gmt":"2017-11-22T19:59:37","guid":{"rendered":"http:\/\/diarioregionaljf.com.br\/2017\/11\/22\/homem-e-agredido-e-tem-r-800-roubados-por-quatro-assaltantes-no-benfica\/"},"modified":"2017-11-22T17:59:37","modified_gmt":"2017-11-22T19:59:37","slug":"homem-e-agredido-e-tem-r-800-roubados-por-quatro-assaltantes-no-benfica","status":"publish","type":"post","link":"https:\/\/diarioregionaldigital.com.br\/?p=85809","title":{"rendered":"Homem \u00e9 agredido e tem R$800 roubados por quatro assaltantes no Benfica"},"content":{"rendered":"<p>Um homem de 47 anos foi agredido por quatro assaltantes, um deles armado com uma faca, na Rua In\u00eas Garcia, bairro Benfica, zona Norte, na noite dessa ter\u00e7a-feira, 21.<\/p>\n<p>De acordo com o boletim de ocorr\u00eancias da Pol\u00edcia Militar (PM), a v\u00edtima relatou que foi abordada pelos autores que, ap\u00f3s amea\u00e7as, roubaram a quantia de R$800 e seu aparelho celular. O homem ainda foi golpeado por um dos suspeitos e teve um ferimento no bra\u00e7o. Ele recusou atendimento.<\/p>\n<p>Os assaltantes fugiram e n\u00e3o foram localizados.<\/p>\n","protected":false},"excerpt":{"rendered":"<p>Um homem de 47 anos foi agredido por quatro assaltantes, um deles armado com uma faca, na Rua In\u00eas Garcia, bairro Benfica, zona Norte, na noite dessa ter\u00e7a-feira, 21. De acordo com o boletim de ocorr\u00eancias da Pol\u00edcia Militar (PM), a v\u00edtima relatou que foi abordada pelos autores que, ap\u00f3s amea\u00e7as, roubaram a quantia de [&hellip;]<\/p>\n","protected":false},"author":96,"featured_media":85808,"comment_status":"closed","ping_status":"closed","sticky":false,"template":"","format":"standard","meta":{"footnotes":""},"categories":[301],"tags":[],"class_list":["post-85809","post","type-post","status-publish","format-standard","has-post-thumbnail","hentry","category-artigos-policiais"],"_links":{"self":[{"href":"https:\/\/diarioregionaldigital.com.br\/index.php?rest_route=\/wp\/v2\/posts\/85809","targetHints":{"allow":["GET"]}}],"collection":[{"href":"https:\/\/diarioregionaldigital.com.br\/index.php?rest_route=\/wp\/v2\/posts"}],"about":[{"href":"https:\/\/diarioregionaldigital.com.br\/index.php?rest_route=\/wp\/v2\/types\/post"}],"author":[{"embeddable":true,"href":"https:\/\/diarioregionaldigital.com.br\/index.php?rest_route=\/wp\/v2\/users\/96"}],"replies":[{"embeddable":true,"href":"https:\/\/diarioregionaldigital.com.br\/index.php?rest_route=%2Fwp%2Fv2%2Fcomments&post=85809"}],"version-history":[{"count":0,"href":"https:\/\/diarioregionaldigital.com.br\/index.php?rest_route=\/wp\/v2\/posts\/85809\/revisions"}],"wp:featuredmedia":[{"embeddable":true,"href":"https:\/\/diarioregionaldigital.com.br\/index.php?rest_route=\/wp\/v2\/media\/85808"}],"wp:attachment":[{"href":"https:\/\/diarioregionaldigital.com.br\/index.php?rest_route=%2Fwp%2Fv2%2Fmedia&parent=85809"}],"wp:term":[{"taxonomy":"category","embeddable":true,"href":"https:\/\/diarioregionaldigital.com.br\/index.php?rest_route=%2Fwp%2Fv2%2Fcategories&post=85809"},{"taxonomy":"post_tag","embeddable":true,"href":"https:\/\/diarioregionaldigital.com.br\/index.php?rest_route=%2Fwp%2Fv2%2Ftags&post=85809"}],"curies":[{"name":"wp","href":"https:\/\/api.w.org\/{rel}","templated":true}]}}