{"id":85807,"date":"2017-11-22T17:48:37","date_gmt":"2017-11-22T19:48:37","guid":{"rendered":"http:\/\/diarioregionaljf.com.br\/2017\/11\/22\/guarda-municipal-prende-dois-homens-durante-briga-em-predio-publico\/"},"modified":"2017-11-22T17:48:37","modified_gmt":"2017-11-22T19:48:37","slug":"guarda-municipal-prende-dois-homens-durante-briga-em-predio-publico","status":"publish","type":"post","link":"https:\/\/diarioregionaldigital.com.br\/?p=85807","title":{"rendered":"Guarda Municipal prende dois homens durante briga em pr\u00e9dio p\u00fablico"},"content":{"rendered":"<p>Dois homens foram presos pela Guarda Municipal (GM) na tarde de ter\u00e7a-feira, 21, ap\u00f3s se envolverem em briga no Departamento de Sa\u00fade da Crian\u00e7a e do Adolescente, no Centro de Juiz de Fora. A confus\u00e3o teria come\u00e7ado ap\u00f3s discuss\u00e3o sobre o uso do banheiro da unidade. Os dois homens foram levados \u00e0 delegacia para prestar depoimento. Ainda foram apreendidas duas facas encontradas na mochila de um deles.<\/p>\n<p>A GM trabalha diuturnamente em mais de 40 pontos da cidade, e pode ser acionada por qualquer cidad\u00e3o em situa\u00e7\u00e3o de emerg\u00eancia atrav\u00e9s do telefone 153.<\/p>\n<p>&nbsp;<\/p>\n<p>Fonte: Assessoria<\/p>\n","protected":false},"excerpt":{"rendered":"<p>Dois homens foram presos pela Guarda Municipal (GM) na tarde de ter\u00e7a-feira, 21, ap\u00f3s se envolverem em briga no Departamento de Sa\u00fade da Crian\u00e7a e do Adolescente, no Centro de Juiz de Fora. A confus\u00e3o teria come\u00e7ado ap\u00f3s discuss\u00e3o sobre o uso do banheiro da unidade. Os dois homens foram levados \u00e0 delegacia para prestar [&hellip;]<\/p>\n","protected":false},"author":96,"featured_media":85806,"comment_status":"closed","ping_status":"closed","sticky":false,"template":"","format":"standard","meta":{"footnotes":""},"categories":[253],"tags":[],"class_list":["post-85807","post","type-post","status-publish","format-standard","has-post-thumbnail","hentry","category-cidade"],"_links":{"self":[{"href":"https:\/\/diarioregionaldigital.com.br\/index.php?rest_route=\/wp\/v2\/posts\/85807","targetHints":{"allow":["GET"]}}],"collection":[{"href":"https:\/\/diarioregionaldigital.com.br\/index.php?rest_route=\/wp\/v2\/posts"}],"about":[{"href":"https:\/\/diarioregionaldigital.com.br\/index.php?rest_route=\/wp\/v2\/types\/post"}],"author":[{"embeddable":true,"href":"https:\/\/diarioregionaldigital.com.br\/index.php?rest_route=\/wp\/v2\/users\/96"}],"replies":[{"embeddable":true,"href":"https:\/\/diarioregionaldigital.com.br\/index.php?rest_route=%2Fwp%2Fv2%2Fcomments&post=85807"}],"version-history":[{"count":0,"href":"https:\/\/diarioregionaldigital.com.br\/index.php?rest_route=\/wp\/v2\/posts\/85807\/revisions"}],"wp:featuredmedia":[{"embeddable":true,"href":"https:\/\/diarioregionaldigital.com.br\/index.php?rest_route=\/wp\/v2\/media\/85806"}],"wp:attachment":[{"href":"https:\/\/diarioregionaldigital.com.br\/index.php?rest_route=%2Fwp%2Fv2%2Fmedia&parent=85807"}],"wp:term":[{"taxonomy":"category","embeddable":true,"href":"https:\/\/diarioregionaldigital.com.br\/index.php?rest_route=%2Fwp%2Fv2%2Fcategories&post=85807"},{"taxonomy":"post_tag","embeddable":true,"href":"https:\/\/diarioregionaldigital.com.br\/index.php?rest_route=%2Fwp%2Fv2%2Ftags&post=85807"}],"curies":[{"name":"wp","href":"https:\/\/api.w.org\/{rel}","templated":true}]}}