{"id":85805,"date":"2017-11-22T17:15:59","date_gmt":"2017-11-22T19:15:59","guid":{"rendered":"http:\/\/diarioregionaljf.com.br\/2017\/11\/22\/sus-pode-ser-obrigado-a-oferecer-exame-genetico-para-cancer\/"},"modified":"2017-11-22T17:15:59","modified_gmt":"2017-11-22T19:15:59","slug":"sus-pode-ser-obrigado-a-oferecer-exame-genetico-para-cancer","status":"publish","type":"post","link":"https:\/\/diarioregionaldigital.com.br\/?p=85805","title":{"rendered":"SUS pode ser obrigado a oferecer exame gen\u00e9tico para c\u00e2ncer"},"content":{"rendered":"<p>Na reuni\u00e3o da manh\u00e3 dessa quarta-feira, 22, a Comiss\u00e3o de Sa\u00fade da Assembleia Legislativa de Minas Gerais (ALMG) aprovou parecer favor\u00e1vel ao Projeto de Lei (PL) 18\/15, que pretende assegurar \u00e0s mulheres com elevado risco de desenvolver c\u00e2ncer de mama o acesso ao teste de mapeamento gen\u00e9tico pelo Sistema \u00danico de Sa\u00fade (SUS) em Minas Gerais. A proposta, do deputado Doutor Wilson Batista (PSD), tramita em 1\u00ba turno e o relator, deputado Doutor Jean Freire (PT), apresentou o substitutivo n\u00ba 1.<\/p>\n<p>O PL tem o objetivo de garantir o exame, que \u00e9 importante para detec\u00e7\u00e3o da doen\u00e7a em est\u00e1gios iniciais, quando as chances de cura s\u00e3o maiores. Ele tamb\u00e9m determina que a mastectomia profil\u00e1tica e a reconstru\u00e7\u00e3o de mama tamb\u00e9m sejam realizadas pelo SUS quando for percebida alguma muta\u00e7\u00e3o que indique chances de desenvolvimento da doen\u00e7a.<\/p>\n<p>O substitutivo apresentado adapta o texto \u00e0 t\u00e9cnica legislativa e adiciona a obrigatoriedade de oferta, pelo SUS, tamb\u00e9m de outro exame, a resson\u00e2ncia magn\u00e9tica, indicada para pacientes que j\u00e1 identificaram a propens\u00e3o gen\u00e9tica para a doen\u00e7a. O parecer destaca que os especialistas que participaram de audi\u00eancia p\u00fablica da comiss\u00e3o em outubro destacaram a import\u00e2ncia da medida.<\/p>\n<p>&nbsp;<\/p>\n<h4>TRAMITA\u00c7\u00c3O<\/h4>\n<p>O PL recebeu parecer pela antijuridicidade da Comiss\u00e3o de Constitui\u00e7\u00e3o e Justi\u00e7a, que alegou falta de cumprimento de requisitos legais, como previs\u00e3o de gastos para a execu\u00e7\u00e3o da proposta. A pedido do autor, por\u00e9m, o parecer foi apreciado pelo Plen\u00e1rio, que o rejeitou. Por isso, a proposta continuou tramitando. Agora, com o parecer favor\u00e1vel da Comiss\u00e3o de Sa\u00fade, ele deve ser apreciado pela Comiss\u00e3o de Fiscaliza\u00e7\u00e3o Financeira e Or\u00e7ament\u00e1ria antes de ser discutido e votado em Plen\u00e1rio.<\/p>\n<p>&nbsp;<\/p>\n<h4>AUDI\u00caNCIAS P\u00daBLICAS<\/h4>\n<p>Durante a reuni\u00e3o, foram aprovados requerimentos com pedidos de audi\u00eancias p\u00fablicas. O deputado Ant\u00f4nio Jorge (PPS), solicitou encontro para debater pol\u00edticas p\u00fablicas voltadas para a preven\u00e7\u00e3o e manejo cl\u00ednico do c\u00e2ncer de mama em Minas Gerais. J\u00e1 o deputado Ant\u00f4nio Lerin (PSB) pediu reuni\u00e3o para tratar do PL 4.723\/17, que autoriza a prescri\u00e7\u00e3o de ozonioterapia no Estado. Esta t\u00e9cnica administra aos pacientes uma mistura de oz\u00f4nio e oxig\u00eanio, que possui propriedades anti-inflamat\u00f3rias.<\/p>\n<p>Fonte: Assessoria<\/p>\n","protected":false},"excerpt":{"rendered":"<p>Na reuni\u00e3o da manh\u00e3 dessa quarta-feira, 22, a Comiss\u00e3o de Sa\u00fade da Assembleia Legislativa de Minas Gerais (ALMG) aprovou parecer favor\u00e1vel ao Projeto de Lei (PL) 18\/15, que pretende assegurar \u00e0s mulheres com elevado risco de desenvolver c\u00e2ncer de mama o acesso ao teste de mapeamento gen\u00e9tico pelo Sistema \u00danico de Sa\u00fade (SUS) em Minas [&hellip;]<\/p>\n","protected":false},"author":96,"featured_media":85804,"comment_status":"closed","ping_status":"closed","sticky":false,"template":"","format":"standard","meta":{"footnotes":""},"categories":[254],"tags":[],"class_list":["post-85805","post","type-post","status-publish","format-standard","has-post-thumbnail","hentry","category-politica"],"_links":{"self":[{"href":"https:\/\/diarioregionaldigital.com.br\/index.php?rest_route=\/wp\/v2\/posts\/85805","targetHints":{"allow":["GET"]}}],"collection":[{"href":"https:\/\/diarioregionaldigital.com.br\/index.php?rest_route=\/wp\/v2\/posts"}],"about":[{"href":"https:\/\/diarioregionaldigital.com.br\/index.php?rest_route=\/wp\/v2\/types\/post"}],"author":[{"embeddable":true,"href":"https:\/\/diarioregionaldigital.com.br\/index.php?rest_route=\/wp\/v2\/users\/96"}],"replies":[{"embeddable":true,"href":"https:\/\/diarioregionaldigital.com.br\/index.php?rest_route=%2Fwp%2Fv2%2Fcomments&post=85805"}],"version-history":[{"count":0,"href":"https:\/\/diarioregionaldigital.com.br\/index.php?rest_route=\/wp\/v2\/posts\/85805\/revisions"}],"wp:featuredmedia":[{"embeddable":true,"href":"https:\/\/diarioregionaldigital.com.br\/index.php?rest_route=\/wp\/v2\/media\/85804"}],"wp:attachment":[{"href":"https:\/\/diarioregionaldigital.com.br\/index.php?rest_route=%2Fwp%2Fv2%2Fmedia&parent=85805"}],"wp:term":[{"taxonomy":"category","embeddable":true,"href":"https:\/\/diarioregionaldigital.com.br\/index.php?rest_route=%2Fwp%2Fv2%2Fcategories&post=85805"},{"taxonomy":"post_tag","embeddable":true,"href":"https:\/\/diarioregionaldigital.com.br\/index.php?rest_route=%2Fwp%2Fv2%2Ftags&post=85805"}],"curies":[{"name":"wp","href":"https:\/\/api.w.org\/{rel}","templated":true}]}}