{"id":85801,"date":"2017-11-22T15:50:16","date_gmt":"2017-11-22T17:50:16","guid":{"rendered":"http:\/\/diarioregionaljf.com.br\/2017\/11\/22\/acidente-em-feira-de-ciencias-deixa-alunos-feridos-em-vicosa\/"},"modified":"2017-11-22T15:50:16","modified_gmt":"2017-11-22T17:50:16","slug":"acidente-em-feira-de-ciencias-deixa-alunos-feridos-em-vicosa","status":"publish","type":"post","link":"https:\/\/diarioregionaldigital.com.br\/?p=85801","title":{"rendered":"Acidente em feira de ci\u00eancias deixa alunos feridos em Vi\u00e7osa"},"content":{"rendered":"<p>Na manh\u00e3 dessa quarta-feira, 22, estudantes de Vi\u00e7osa, ficaram feridos durante um incidente numa feira de ci\u00eancia na Escola Estadual Doutor Raimundo Torres.<\/p>\n<p>As primeiras informa\u00e7\u00f5es d\u00e3o conta que sete adolescentes com idades entre 15 e 18 anos, sofreram queimaduras de 1\u00ba e 2\u00ba grau, os alunos participavam de um experimento sobre as cores das chamas de acordo com os produtos qu\u00edmicos, foi quando a situa\u00e7\u00e3o fugiu do controle ocasionando o acidente. N\u00e3o se sabe ao certo como aconteceu.<\/p>\n<p>As v\u00edtimas foram encaminhadas para os hospitais da regi\u00e3o, sendo que uma delas, do sexo feminino (18 anos) se encontra em estado grave, teve queimaduras de 1\u00ba e 2\u00ba grau, atingindo cerca de 20% da \u00e1rea corp\u00f3rea. Foi transportada pela Unidade de Resgate do Corpo de Bombeiros para o Hospital S\u00e3o Sebasti\u00e3o.<\/p>\n<p>O local do acidente foi isolado e a per\u00edcia t\u00e9cnica foi acionada para maiores esclarecimento dos fatos.<\/p>\n<p><img loading=\"lazy\" decoding=\"async\" class=\" size-full wp-image-85800\" src=\"http:\/\/diarioregionaljf.com.br\/wp-content\/uploads\/2017\/11\/diario-int-21467-1.jpeg\" alt=\"WhatsApp Image 2017 11 22 at 11.50.43\" width=\"505\" height=\"284\" srcset=\"https:\/\/diarioregionaldigital.com.br\/wp-content\/uploads\/2017\/11\/diario-int-21467-1.jpeg 1280w, https:\/\/diarioregionaldigital.com.br\/wp-content\/uploads\/2017\/11\/diario-int-21467-1-300x169.jpeg 300w, https:\/\/diarioregionaldigital.com.br\/wp-content\/uploads\/2017\/11\/diario-int-21467-1-768x432.jpeg 768w, https:\/\/diarioregionaldigital.com.br\/wp-content\/uploads\/2017\/11\/diario-int-21467-1-1024x576.jpeg 1024w, https:\/\/diarioregionaldigital.com.br\/wp-content\/uploads\/2017\/11\/diario-int-21467-1-360x203.jpeg 360w\" sizes=\"auto, (max-width: 505px) 100vw, 505px\" \/><\/p>\n<p>Fonte: Assessoria \/ Corpo de Bombeiros<\/p>\n","protected":false},"excerpt":{"rendered":"<p>Na manh\u00e3 dessa quarta-feira, 22, estudantes de Vi\u00e7osa, ficaram feridos durante um incidente numa feira de ci\u00eancia na Escola Estadual Doutor Raimundo Torres. As primeiras informa\u00e7\u00f5es d\u00e3o conta que sete adolescentes com idades entre 15 e 18 anos, sofreram queimaduras de 1\u00ba e 2\u00ba grau, os alunos participavam de um experimento sobre as cores das [&hellip;]<\/p>\n","protected":false},"author":96,"featured_media":85799,"comment_status":"closed","ping_status":"closed","sticky":false,"template":"","format":"standard","meta":{"footnotes":""},"categories":[252],"tags":[],"class_list":["post-85801","post","type-post","status-publish","format-standard","has-post-thumbnail","hentry","category-regiao"],"_links":{"self":[{"href":"https:\/\/diarioregionaldigital.com.br\/index.php?rest_route=\/wp\/v2\/posts\/85801","targetHints":{"allow":["GET"]}}],"collection":[{"href":"https:\/\/diarioregionaldigital.com.br\/index.php?rest_route=\/wp\/v2\/posts"}],"about":[{"href":"https:\/\/diarioregionaldigital.com.br\/index.php?rest_route=\/wp\/v2\/types\/post"}],"author":[{"embeddable":true,"href":"https:\/\/diarioregionaldigital.com.br\/index.php?rest_route=\/wp\/v2\/users\/96"}],"replies":[{"embeddable":true,"href":"https:\/\/diarioregionaldigital.com.br\/index.php?rest_route=%2Fwp%2Fv2%2Fcomments&post=85801"}],"version-history":[{"count":0,"href":"https:\/\/diarioregionaldigital.com.br\/index.php?rest_route=\/wp\/v2\/posts\/85801\/revisions"}],"wp:featuredmedia":[{"embeddable":true,"href":"https:\/\/diarioregionaldigital.com.br\/index.php?rest_route=\/wp\/v2\/media\/85799"}],"wp:attachment":[{"href":"https:\/\/diarioregionaldigital.com.br\/index.php?rest_route=%2Fwp%2Fv2%2Fmedia&parent=85801"}],"wp:term":[{"taxonomy":"category","embeddable":true,"href":"https:\/\/diarioregionaldigital.com.br\/index.php?rest_route=%2Fwp%2Fv2%2Fcategories&post=85801"},{"taxonomy":"post_tag","embeddable":true,"href":"https:\/\/diarioregionaldigital.com.br\/index.php?rest_route=%2Fwp%2Fv2%2Ftags&post=85801"}],"curies":[{"name":"wp","href":"https:\/\/api.w.org\/{rel}","templated":true}]}}