{"id":85754,"date":"2017-11-21T22:35:28","date_gmt":"2017-11-22T00:35:28","guid":{"rendered":"http:\/\/diarioregionaljf.com.br\/2017\/11\/21\/candidatos-ao-pism-2018-ja-podem-acessar-comprovante-definitivo-de-inscricao\/"},"modified":"2017-11-21T22:35:28","modified_gmt":"2017-11-22T00:35:28","slug":"candidatos-ao-pism-2018-ja-podem-acessar-comprovante-definitivo-de-inscricao","status":"publish","type":"post","link":"https:\/\/diarioregionaldigital.com.br\/?p=85754","title":{"rendered":"Candidatos ao Pism 2018 j\u00e1 podem acessar comprovante definitivo de inscri\u00e7\u00e3o"},"content":{"rendered":"<p>O comprovante definitivo de inscri\u00e7\u00e3o para as provas do Programa de Ingresso Seletivo Misto (Pism) j\u00e1 pode ser acessado no <a href=\"http:\/\/www.ufjf.br\/copese\/\" target=\"_blank\" rel=\"noopener noreferrer\">site da Coordena\u00e7\u00e3o Geral de Processos Seletivos (Copese)<\/a> da Universidade Federal de Juiz de Fora (UFJF). Nele constam a confirma\u00e7\u00e3o de inscri\u00e7\u00e3o e os locais de prova de cada candidato.<\/p>\n<p>Para acessar o local de provas, os inscritos precisam apresentar o documento de identidade indicado no requerimento da inscri\u00e7\u00e3o. \u00c9 importante estar atento aos prazos, pois o comprovante de inscri\u00e7\u00e3o traz as orienta\u00e7\u00f5es para a realiza\u00e7\u00e3o das provas. Al\u00e9m do local do exame, o documento cont\u00e9m o nome do candidato, n\u00famero de identidade, data, hor\u00e1rio e op\u00e7\u00e3o de curso. Todos os dados devem ser conferidos pelo candidato.<\/p>\n<p>O comprovante definitivo de inscri\u00e7\u00e3o \u00e9 a prova do deferimento e efetiva\u00e7\u00e3o da inscri\u00e7\u00e3o em quaisquer um dos m\u00f3dulos e deve ser impresso pelo candidato dentro do prazo. O comprovativo n\u00e3o ser\u00e1 entregue particularmente ao participante.<\/p>\n<p>Uma vez efetivada a inscri\u00e7\u00e3o, n\u00e3o ser\u00e1 permitido altera\u00e7\u00f5es de cidade, campus, curso ou grupo em que o participante est\u00e1 inscrito. As provas do Pism ocorrem nos dias 9 e 10 de dezembro, das 13h \u00e0s 17h30, nas cidades de Juiz de Fora, Governador Valadares e Muria\u00e9, em Minas Gerais, e em Volta Redonda, no interior do Rio de Janeiro.&nbsp;<\/p>\n<p>&nbsp;<\/p>\n<h4>LOCAIS DE PROVA<\/h4>\n<p>A Copese divulgou tamb\u00e9m os locais de prova onde ser\u00e3o realizados os exames. Todos os candidatos ao Pism I far\u00e3o provas fora do campus da UFJF em Juiz de Fora. Candidatos ao Pism II ficar\u00e3o divididos entre o campus e locais fora da UFJF. J\u00e1 todos os candidatos ao Pism III far\u00e3o as provas no campus universit\u00e1rio. <a href=\"http:\/\/www.ufjf.br\/noticias\/files\/2017\/11\/locais-de-prova-pism-2018-mdulos.pdf\" target=\"_blank\" rel=\"noopener noreferrer\">Clique para conferir a lista de locais<\/a>.<\/p>\n<p>&nbsp;<\/p>\n<h4>RELA\u00c7\u00c3O CANDIDATO POR VAGA<\/h4>\n<p>A Copese tamb\u00e9m divulgou a rela\u00e7\u00e3o de candidato por vaga do m\u00f3dulo III do Pism 2018. Ao todo, s\u00e3o 29.609 candidatos, disputando 2.323 vagas oferecidas nos dois campi da institui\u00e7\u00e3o, em Juiz de Fora e Governador Valadares.<\/p>\n<p>Em rela\u00e7\u00e3o ao ano passado, o Pism teve 13% a mais de inscritos. E nesta edi\u00e7\u00e3o, 50% das vagas ofertadas em 72 cursos de gradua\u00e7\u00e3o da UFJF est\u00e3o reservadas para os candidatos que optarem por esta forma de ingresso. Anteriormente, a reserva era de apenas 30% das vagas.<\/p>\n<p>&nbsp;As notas obtidas pelos candidatos do M\u00f3dulo III ser\u00e3o divulgadas no dia 1 de fevereiro de 2018.<\/p>\n<h4>CURSOS MAIS CONCORRIDOS<\/h4>\n<p>Medicina e Psicologia destacam-se como os cursos com maior disputa por vagas no Pism 2018. Na ampla concorr\u00eancia &#8211; grupo C &#8211; o curso de Medicina tem 509 inscritos para 44 vagas, resultando em uma m\u00e9dia de 11,6 candidatos por vaga. Em seguida, Psicologia apresenta 8,5 candidatos por vaga, acompanhado por Odontologia com a m\u00e9dia de 8,42 inscritos por vaga no grupo C.<\/p>\n<p>No grupo A, que abrange os candidatos que se declaram negros, pardos ou ind\u00edgenas, cuja renda per capita \u00e9 igual ou inferior a 1,5 sal\u00e1rio m\u00ednimo, o curso mais concorrido \u00e9 o de Direito Integral, com 8,83 candidatos por vaga. Medicina Veterin\u00e1ria conta com rela\u00e7\u00e3o de 8,67 e o curso de Enfermagem apresenta 7,25 candidatos por vaga.<\/p>\n<p>J\u00e1 as vagas do grupo B, destinadas a candidatos que n\u00e3o se declaram negros, pardos ou ind\u00edgenas e t\u00eam renda inferior ou igual a 1,5 sal\u00e1rio m\u00ednimo, o curso de Educa\u00e7\u00e3o F\u00edsica apresenta a maior rela\u00e7\u00e3o candidato por vaga: 17. Enfermagem e Psicologia t\u00eam, respectivamente, 16,5 e 16 candidatos por vaga.<\/p>\n<p>Nos grupos D e E, est\u00e3o os candidatos que cursaram o ensino m\u00e9dio integralmente em escola p\u00fablico e possuem renda familiar per capita superior ao limite estipulado. No grupo D est\u00e3o os candidatos autodeclarados negros, pardos ou ind\u00edgenas, e Medicina \u00e9 o mais concorrido entre eles, com m\u00e9dia de 5,5 candidato por vaga. Entre os candidatos do grupo E, que n\u00e3o se declaram negros, pardos ou ind\u00edgenas, Psicologia \u00e9 o que tem a maior rela\u00e7\u00e3o, com uma m\u00e9dia de 13 candidatos para cada vaga.<\/p>\n<p>&nbsp;<\/p>\n<p>Fonte: Assessoria<\/p>\n","protected":false},"excerpt":{"rendered":"<p>O comprovante definitivo de inscri\u00e7\u00e3o para as provas do Programa de Ingresso Seletivo Misto (Pism) j\u00e1 pode ser acessado no site da Coordena\u00e7\u00e3o Geral de Processos Seletivos (Copese) da Universidade Federal de Juiz de Fora (UFJF). Nele constam a confirma\u00e7\u00e3o de inscri\u00e7\u00e3o e os locais de prova de cada candidato. Para acessar o local de [&hellip;]<\/p>\n","protected":false},"author":96,"featured_media":85753,"comment_status":"closed","ping_status":"closed","sticky":false,"template":"","format":"standard","meta":{"footnotes":""},"categories":[253],"tags":[],"class_list":["post-85754","post","type-post","status-publish","format-standard","has-post-thumbnail","hentry","category-cidade"],"_links":{"self":[{"href":"https:\/\/diarioregionaldigital.com.br\/index.php?rest_route=\/wp\/v2\/posts\/85754","targetHints":{"allow":["GET"]}}],"collection":[{"href":"https:\/\/diarioregionaldigital.com.br\/index.php?rest_route=\/wp\/v2\/posts"}],"about":[{"href":"https:\/\/diarioregionaldigital.com.br\/index.php?rest_route=\/wp\/v2\/types\/post"}],"author":[{"embeddable":true,"href":"https:\/\/diarioregionaldigital.com.br\/index.php?rest_route=\/wp\/v2\/users\/96"}],"replies":[{"embeddable":true,"href":"https:\/\/diarioregionaldigital.com.br\/index.php?rest_route=%2Fwp%2Fv2%2Fcomments&post=85754"}],"version-history":[{"count":0,"href":"https:\/\/diarioregionaldigital.com.br\/index.php?rest_route=\/wp\/v2\/posts\/85754\/revisions"}],"wp:featuredmedia":[{"embeddable":true,"href":"https:\/\/diarioregionaldigital.com.br\/index.php?rest_route=\/wp\/v2\/media\/85753"}],"wp:attachment":[{"href":"https:\/\/diarioregionaldigital.com.br\/index.php?rest_route=%2Fwp%2Fv2%2Fmedia&parent=85754"}],"wp:term":[{"taxonomy":"category","embeddable":true,"href":"https:\/\/diarioregionaldigital.com.br\/index.php?rest_route=%2Fwp%2Fv2%2Fcategories&post=85754"},{"taxonomy":"post_tag","embeddable":true,"href":"https:\/\/diarioregionaldigital.com.br\/index.php?rest_route=%2Fwp%2Fv2%2Ftags&post=85754"}],"curies":[{"name":"wp","href":"https:\/\/api.w.org\/{rel}","templated":true}]}}