{"id":85752,"date":"2017-11-21T22:23:22","date_gmt":"2017-11-22T00:23:22","guid":{"rendered":"http:\/\/diarioregionaljf.com.br\/2017\/11\/21\/governo-federal-cria-comite-para-revitalizar-geracao-de-emprego-e-renda-no-rj\/"},"modified":"2017-11-21T22:23:22","modified_gmt":"2017-11-22T00:23:22","slug":"governo-federal-cria-comite-para-revitalizar-geracao-de-emprego-e-renda-no-rj","status":"publish","type":"post","link":"https:\/\/diarioregionaldigital.com.br\/?p=85752","title":{"rendered":"Governo federal cria comit\u00ea para revitalizar gera\u00e7\u00e3o de emprego e renda no RJ"},"content":{"rendered":"<p>Decreto assinado pelo presidente Michel Temer, que cria um comit\u00ea para o Programa Federal de Apoio \u00e0 Gera\u00e7\u00e3o de Emprego e Renda no Rio de Janeiro, foi publicado nesta ter\u00e7a-feira, 21, no Di\u00e1rio Oficial da Uni\u00e3o.<\/p>\n<p>O comit\u00ea tem a finalidade de propor e coordenar atividades, eventos e projetos visando \u00e0 revitaliza\u00e7\u00e3o do estado e ao est\u00edmulo ao desenvolvimento econ\u00f4mico-social e \u00e0 gera\u00e7\u00e3o de emprego e renda.<\/p>\n<p>De acordo com o documento, o comit\u00ea ser\u00e1 formado por um representante titular e um suplente da Secretaria-Geral da Presid\u00eancia da Rep\u00fablica, a quem caber\u00e1 a coordena\u00e7\u00e3o, dos minist\u00e9rios da Cultura, do Desenvolvimento Social, Esporte, Turismo e do Instituto Brasileiro do Turismo (Embratur).<\/p>\n<p>Todos os representantes, inclusive os suplentes, ser\u00e3o indicados pelos chefes dos \u00f3rg\u00e3os e da entidade, designados em ato do ministro da Secretaria-Geral da Presid\u00eancia da Rep\u00fablica, Moreira Franco.<\/p>\n<p>O decreto diz ainda que o governo fluminense e a prefeitura do Rio poder\u00e3o indicar representantes para participar do comit\u00ea, que poder\u00e1 convidar representantes de outros \u00f3rg\u00e3os e entidades p\u00fablicas e da sociedade civil para colaborar com as atividades. \u201cA execu\u00e7\u00e3o das atividades, dos eventos e dos projetos propostos ou coordenados pelo comit\u00ea permanece na compet\u00eancia do \u00f3rg\u00e3o ou da entidade ao qual \u00e9 afeta a mat\u00e9ria e n\u00e3o afasta as demais compet\u00eancias deles\u201d.<\/p>\n<p>Os indicados para participar do comit\u00ea n\u00e3o ser\u00e3o remunerados, mas o trabalho ser\u00e1 considerado \u201cservi\u00e7o p\u00fablico relevante\u201d. As atividades ser\u00e3o encerradas no dia 3 de dezembro de 2018, com a apresenta\u00e7\u00e3o do relat\u00f3rio final dos trabalhos desenvolvidos, diz o decreto.<\/p>\n<hr \/>\n<p>&nbsp;Fonte: Ag\u00eancia Brasil<\/p>\n","protected":false},"excerpt":{"rendered":"<p>Decreto assinado pelo presidente Michel Temer, que cria um comit\u00ea para o Programa Federal de Apoio \u00e0 Gera\u00e7\u00e3o de Emprego e Renda no Rio de Janeiro, foi publicado nesta ter\u00e7a-feira, 21, no Di\u00e1rio Oficial da Uni\u00e3o. O comit\u00ea tem a finalidade de propor e coordenar atividades, eventos e projetos visando \u00e0 revitaliza\u00e7\u00e3o do estado e [&hellip;]<\/p>\n","protected":false},"author":96,"featured_media":85751,"comment_status":"closed","ping_status":"closed","sticky":false,"template":"","format":"standard","meta":{"footnotes":""},"categories":[261],"tags":[],"class_list":["post-85752","post","type-post","status-publish","format-standard","has-post-thumbnail","hentry","category-economia"],"_links":{"self":[{"href":"https:\/\/diarioregionaldigital.com.br\/index.php?rest_route=\/wp\/v2\/posts\/85752","targetHints":{"allow":["GET"]}}],"collection":[{"href":"https:\/\/diarioregionaldigital.com.br\/index.php?rest_route=\/wp\/v2\/posts"}],"about":[{"href":"https:\/\/diarioregionaldigital.com.br\/index.php?rest_route=\/wp\/v2\/types\/post"}],"author":[{"embeddable":true,"href":"https:\/\/diarioregionaldigital.com.br\/index.php?rest_route=\/wp\/v2\/users\/96"}],"replies":[{"embeddable":true,"href":"https:\/\/diarioregionaldigital.com.br\/index.php?rest_route=%2Fwp%2Fv2%2Fcomments&post=85752"}],"version-history":[{"count":0,"href":"https:\/\/diarioregionaldigital.com.br\/index.php?rest_route=\/wp\/v2\/posts\/85752\/revisions"}],"wp:featuredmedia":[{"embeddable":true,"href":"https:\/\/diarioregionaldigital.com.br\/index.php?rest_route=\/wp\/v2\/media\/85751"}],"wp:attachment":[{"href":"https:\/\/diarioregionaldigital.com.br\/index.php?rest_route=%2Fwp%2Fv2%2Fmedia&parent=85752"}],"wp:term":[{"taxonomy":"category","embeddable":true,"href":"https:\/\/diarioregionaldigital.com.br\/index.php?rest_route=%2Fwp%2Fv2%2Fcategories&post=85752"},{"taxonomy":"post_tag","embeddable":true,"href":"https:\/\/diarioregionaldigital.com.br\/index.php?rest_route=%2Fwp%2Fv2%2Ftags&post=85752"}],"curies":[{"name":"wp","href":"https:\/\/api.w.org\/{rel}","templated":true}]}}