{"id":85750,"date":"2017-11-21T22:18:31","date_gmt":"2017-11-22T00:18:31","guid":{"rendered":"http:\/\/diarioregionaljf.com.br\/2017\/11\/21\/em-apresentacao-a-diplomatas-cni-mostra-dados-que-indicam-fim-da-recessao\/"},"modified":"2017-11-21T22:18:31","modified_gmt":"2017-11-22T00:18:31","slug":"em-apresentacao-a-diplomatas-cni-mostra-dados-que-indicam-fim-da-recessao","status":"publish","type":"post","link":"https:\/\/diarioregionaldigital.com.br\/?p=85750","title":{"rendered":"Em apresenta\u00e7\u00e3o a diplomatas, CNI mostra dados que indicam fim da recess\u00e3o"},"content":{"rendered":"<p>Pela primeira vez nos \u00faltimos tr\u00eas anos todos os indicadores medidos pela Confedera\u00e7\u00e3o Nacional da Ind\u00fastria (CNI) evolu\u00edram de forma favor\u00e1vel, indicando o fim da recess\u00e3o no Brasil, segundo informou nesta ter\u00e7a-feira, 21, o diretor de Pol\u00edticas e Estrat\u00e9gia da entidade, Jos\u00e9 Augusto Fernandes.<\/p>\n<p>Os dados foram apresentados nesta ter\u00e7a-feira a mais de 100 representantes diplom\u00e1ticos de 80 pa\u00edses, que participam do 8\u00aa Briefing Diplom\u00e1tico, um f\u00f3rum de intera\u00e7\u00e3o entre o setor industrial e o corpo diplom\u00e1tico em Bras\u00edlia.&nbsp;O Briefing Diplom\u00e1tico ocorre duas vezes ao ano, no primeiro e no segundo semestre, desde 2014.<\/p>\n<p>Segundo Fernandes, a confian\u00e7a do empres\u00e1rio industrial alcan\u00e7ou 56 pontos em outubro, acima da m\u00e9dia hist\u00f3rica do indicador; a produ\u00e7\u00e3o industrial parou de cair e teve leve melhora; a infla\u00e7\u00e3o est\u00e1 abaixo do esperado; o risco pa\u00eds passou de 289 pontos para 243 pontos; a inten\u00e7\u00e3o de investimentos subiu de 46,5 para 49,6 e o desemprego caiu de 12,4% em setembro deste ano.<\/p>\n<p>O diretor da CNI tamb\u00e9m destacou que a queda da infla\u00e7\u00e3o e a redu\u00e7\u00e3o dos juros d\u00e3o sinais positivos para o sistema financeiro, ampliando as perspectivas de oferta de cr\u00e9dito.<\/p>\n<p>A CNI tamb\u00e9m apresentou aos representantes diplom\u00e1ticos a posi\u00e7\u00e3o do setor industrial sobre a agenda de reformas propostas pelo governo, pa\u00edses priorit\u00e1rios para negocia\u00e7\u00f5es internacionais e a regulamenta\u00e7\u00e3o da Lei de Migra\u00e7\u00e3o.<\/p>\n<hr \/>\n<p>&nbsp;Fonte: Ag\u00eancia Brasil&nbsp;<\/p>\n","protected":false},"excerpt":{"rendered":"<p>Pela primeira vez nos \u00faltimos tr\u00eas anos todos os indicadores medidos pela Confedera\u00e7\u00e3o Nacional da Ind\u00fastria (CNI) evolu\u00edram de forma favor\u00e1vel, indicando o fim da recess\u00e3o no Brasil, segundo informou nesta ter\u00e7a-feira, 21, o diretor de Pol\u00edticas e Estrat\u00e9gia da entidade, Jos\u00e9 Augusto Fernandes. Os dados foram apresentados nesta ter\u00e7a-feira a mais de 100 representantes [&hellip;]<\/p>\n","protected":false},"author":96,"featured_media":85749,"comment_status":"closed","ping_status":"closed","sticky":false,"template":"","format":"standard","meta":{"footnotes":""},"categories":[261],"tags":[],"class_list":["post-85750","post","type-post","status-publish","format-standard","has-post-thumbnail","hentry","category-economia"],"_links":{"self":[{"href":"https:\/\/diarioregionaldigital.com.br\/index.php?rest_route=\/wp\/v2\/posts\/85750","targetHints":{"allow":["GET"]}}],"collection":[{"href":"https:\/\/diarioregionaldigital.com.br\/index.php?rest_route=\/wp\/v2\/posts"}],"about":[{"href":"https:\/\/diarioregionaldigital.com.br\/index.php?rest_route=\/wp\/v2\/types\/post"}],"author":[{"embeddable":true,"href":"https:\/\/diarioregionaldigital.com.br\/index.php?rest_route=\/wp\/v2\/users\/96"}],"replies":[{"embeddable":true,"href":"https:\/\/diarioregionaldigital.com.br\/index.php?rest_route=%2Fwp%2Fv2%2Fcomments&post=85750"}],"version-history":[{"count":0,"href":"https:\/\/diarioregionaldigital.com.br\/index.php?rest_route=\/wp\/v2\/posts\/85750\/revisions"}],"wp:featuredmedia":[{"embeddable":true,"href":"https:\/\/diarioregionaldigital.com.br\/index.php?rest_route=\/wp\/v2\/media\/85749"}],"wp:attachment":[{"href":"https:\/\/diarioregionaldigital.com.br\/index.php?rest_route=%2Fwp%2Fv2%2Fmedia&parent=85750"}],"wp:term":[{"taxonomy":"category","embeddable":true,"href":"https:\/\/diarioregionaldigital.com.br\/index.php?rest_route=%2Fwp%2Fv2%2Fcategories&post=85750"},{"taxonomy":"post_tag","embeddable":true,"href":"https:\/\/diarioregionaldigital.com.br\/index.php?rest_route=%2Fwp%2Fv2%2Ftags&post=85750"}],"curies":[{"name":"wp","href":"https:\/\/api.w.org\/{rel}","templated":true}]}}