{"id":85746,"date":"2017-11-21T22:02:57","date_gmt":"2017-11-22T00:02:57","guid":{"rendered":"http:\/\/diarioregionaljf.com.br\/2017\/11\/21\/stf-nega-recurso-da-cemig-que-poderia-anular-leilao-de-hidreletrica\/"},"modified":"2017-11-21T22:02:57","modified_gmt":"2017-11-22T00:02:57","slug":"stf-nega-recurso-da-cemig-que-poderia-anular-leilao-de-hidreletrica","status":"publish","type":"post","link":"https:\/\/diarioregionaldigital.com.br\/?p=85746","title":{"rendered":"STF nega recurso da Cemig que poderia anular leil\u00e3o de hidrel\u00e9trica"},"content":{"rendered":"<p>A Segunda Turma do Supremo Tribunal Federal (STF) negou nesta ter\u00e7a-feira, 21, o recurso que poderia anular o leil\u00e3o da Usina Hidrel\u00e9trica de Jaguara, que era operada pela Companhia Energ\u00e9tica de Minas Gerais (Cemig).<\/p>\n<p>O colegiado rejeitou recurso da empresa que pretendia garantir a renova\u00e7\u00e3o autom\u00e1tica do contrato de concess\u00e3o com o governo federal.<\/p>\n<p>No julgamento, seguindo voto do ministro Dias Toffoli, relator do caso, a Turma entendeu que o governo federal n\u00e3o tinha obrigatoriedade em assinar a renova\u00e7\u00e3o, que estava condicionada a cl\u00e1usulas que deveriam ser cumpridas futuramente pela empresa. Seguiram o relator, os ministros Celso de Mello e Edson Fachin. Gilmar Mendes estava impedido e n\u00e3o julgou a a\u00e7\u00e3o.<\/p>\n<p>A renova\u00e7\u00e3o da concess\u00e3o das hidrel\u00e9tricas est\u00e1 ligada a uma disputa que vem desde 2012. A Cemig foi uma das companhias que n\u00e3o aderiram na \u00edntegra \u00e0 Medida Provis\u00f3ria (MP) 579\/2012, apresentada pela ent\u00e3o presidenta Dilma Rousseff, que foi posteriormente aprovada no Congresso e convertida na Lei Federal 12.783\/2013.<\/p>\n<p>Na ocasi\u00e3o, o governo federal ofereceu a renova\u00e7\u00e3o por 30 anos das concess\u00f5es de usinas que venceriam entre 2015 e 2017, mas, em troca, os beneficiados deveriam aceitar uma s\u00e9rie de exig\u00eancias. A medida tinha como objetivo reduzir em cerca de 20% as tarifas com energia el\u00e9trica no pa\u00eds.<\/p>\n<p>A Cemig considerou as condi\u00e7\u00f5es apresentadas desfavor\u00e1veis e optou por n\u00e3o renovar os contratos relacionados \u00e0s suas usinas Como as concess\u00f5es n\u00e3o foram renovadas em 2012, o governo federal entende que a legisla\u00e7\u00e3o em vigor lhe assegura o direito de realizar o leil\u00e3o e autorizou que a Aneel organizasse o processo.<\/p>\n<hr \/>\n<p>&nbsp;Fonte: Ag\u00eancia Brasil<\/p>\n","protected":false},"excerpt":{"rendered":"<p>A Segunda Turma do Supremo Tribunal Federal (STF) negou nesta ter\u00e7a-feira, 21, o recurso que poderia anular o leil\u00e3o da Usina Hidrel\u00e9trica de Jaguara, que era operada pela Companhia Energ\u00e9tica de Minas Gerais (Cemig). O colegiado rejeitou recurso da empresa que pretendia garantir a renova\u00e7\u00e3o autom\u00e1tica do contrato de concess\u00e3o com o governo federal. No [&hellip;]<\/p>\n","protected":false},"author":96,"featured_media":85745,"comment_status":"closed","ping_status":"closed","sticky":false,"template":"","format":"standard","meta":{"footnotes":""},"categories":[261],"tags":[],"class_list":["post-85746","post","type-post","status-publish","format-standard","has-post-thumbnail","hentry","category-economia"],"_links":{"self":[{"href":"https:\/\/diarioregionaldigital.com.br\/index.php?rest_route=\/wp\/v2\/posts\/85746","targetHints":{"allow":["GET"]}}],"collection":[{"href":"https:\/\/diarioregionaldigital.com.br\/index.php?rest_route=\/wp\/v2\/posts"}],"about":[{"href":"https:\/\/diarioregionaldigital.com.br\/index.php?rest_route=\/wp\/v2\/types\/post"}],"author":[{"embeddable":true,"href":"https:\/\/diarioregionaldigital.com.br\/index.php?rest_route=\/wp\/v2\/users\/96"}],"replies":[{"embeddable":true,"href":"https:\/\/diarioregionaldigital.com.br\/index.php?rest_route=%2Fwp%2Fv2%2Fcomments&post=85746"}],"version-history":[{"count":0,"href":"https:\/\/diarioregionaldigital.com.br\/index.php?rest_route=\/wp\/v2\/posts\/85746\/revisions"}],"wp:featuredmedia":[{"embeddable":true,"href":"https:\/\/diarioregionaldigital.com.br\/index.php?rest_route=\/wp\/v2\/media\/85745"}],"wp:attachment":[{"href":"https:\/\/diarioregionaldigital.com.br\/index.php?rest_route=%2Fwp%2Fv2%2Fmedia&parent=85746"}],"wp:term":[{"taxonomy":"category","embeddable":true,"href":"https:\/\/diarioregionaldigital.com.br\/index.php?rest_route=%2Fwp%2Fv2%2Fcategories&post=85746"},{"taxonomy":"post_tag","embeddable":true,"href":"https:\/\/diarioregionaldigital.com.br\/index.php?rest_route=%2Fwp%2Fv2%2Ftags&post=85746"}],"curies":[{"name":"wp","href":"https:\/\/api.w.org\/{rel}","templated":true}]}}