{"id":85744,"date":"2017-11-21T21:33:49","date_gmt":"2017-11-21T23:33:49","guid":{"rendered":"http:\/\/diarioregionaljf.com.br\/2017\/11\/21\/municipios-cobram-recursos-para-programas-federais\/"},"modified":"2017-11-21T21:33:49","modified_gmt":"2017-11-21T23:33:49","slug":"municipios-cobram-recursos-para-programas-federais","status":"publish","type":"post","link":"https:\/\/diarioregionaldigital.com.br\/?p=85744","title":{"rendered":"Munic\u00edpios cobram recursos para programas federais"},"content":{"rendered":"<p>Dirigentes de entidades representativas dos munic\u00edpios brasileiros cobraram do governo federal recursos para manter programas federais, como Crian\u00e7a Feliz e Cart\u00e3o Reforma, al\u00e9m de servi\u00e7os \u00e0 comunidade, como os prestados pelos Centros de Refer\u00eancia de Assist\u00eancia Social (Cras). Segundo eles, n\u00e3o adianta criar programas sem dar condi\u00e7\u00f5es \u00e0s prefeituras para mant\u00ea-los.<\/p>\n<p>Esse problema foi apontado em sess\u00e3o solene realizada nessa ter\u00e7a-feira, 21, pela C\u00e2mara dos Deputados, destinada \u00e0 discuss\u00e3o da crise de arrecada\u00e7\u00e3o dos munic\u00edpios. Foram ouvidos representantes da Confedera\u00e7\u00e3o Nacional dos Munic\u00edpios (CNM), da Frente Nacional de Prefeitos (FNP), da Associa\u00e7\u00e3o Brasileira de Munic\u00edpios (ABM) e da Uni\u00e3o dos Munic\u00edpios da Bahia (UPB).<\/p>\n<p>Em mensagem enviada ao Plen\u00e1rio, o presidente da C\u00e2mara, Rodrigo Maia, destacou a import\u00e2ncia da uni\u00e3o entre os estados e munic\u00edpios para que, juntos, possam buscar uma melhoria no Pa\u00eds. \u201cA C\u00e2mara est\u00e1 aqui para ouvir todas as vozes, como \u00e9 o seu dever. Devemos trabalhar compartilhando ideias e buscando solu\u00e7\u00f5es para os brasileiros\u201d, disse.<\/p>\n<p>Al\u00e9m de cobrar a atualiza\u00e7\u00e3o dos recursos para programas federais, o presidente da Confedera\u00e7\u00e3o Nacional de Munic\u00edpios, Paulo Ziulkoski, pediu a aprova\u00e7\u00e3o da Proposta de Emenda \u00e0 Constitui\u00e7\u00e3o (PEC) 212\/16, do Senado, que cria um novo regime especial de pagamento de precat\u00f3rios, com prazo m\u00e1ximo de dez anos. O objetivo da proposta \u00e9 reduzir o estoque de precat\u00f3rios ainda pendentes, dando celeridade aos pagamentos.<\/p>\n<p>Os deputados Mauro Pereira (PMDB-RS), H\u00e9lio Leite (DEM-PA) e Evair Vieira de Melo (PV-ES) defenderam o aumento de recursos federais para os munic\u00edpios, inclusive por meio da libera\u00e7\u00e3o de recursos previstos em emendas parlamentares.<\/p>\n<p>A sess\u00e3o foi proposta pelos deputados Carlos Zarattini (PT-SP) e Caetano (PT-BA).<\/p>\n<p>Fonte: Ag\u00eancia C\u00e2mara Not\u00edcias<\/p>\n","protected":false},"excerpt":{"rendered":"<p>Dirigentes de entidades representativas dos munic\u00edpios brasileiros cobraram do governo federal recursos para manter programas federais, como Crian\u00e7a Feliz e Cart\u00e3o Reforma, al\u00e9m de servi\u00e7os \u00e0 comunidade, como os prestados pelos Centros de Refer\u00eancia de Assist\u00eancia Social (Cras). Segundo eles, n\u00e3o adianta criar programas sem dar condi\u00e7\u00f5es \u00e0s prefeituras para mant\u00ea-los. Esse problema foi apontado [&hellip;]<\/p>\n","protected":false},"author":96,"featured_media":85743,"comment_status":"closed","ping_status":"closed","sticky":false,"template":"","format":"standard","meta":{"footnotes":""},"categories":[254],"tags":[],"class_list":["post-85744","post","type-post","status-publish","format-standard","has-post-thumbnail","hentry","category-politica"],"_links":{"self":[{"href":"https:\/\/diarioregionaldigital.com.br\/index.php?rest_route=\/wp\/v2\/posts\/85744","targetHints":{"allow":["GET"]}}],"collection":[{"href":"https:\/\/diarioregionaldigital.com.br\/index.php?rest_route=\/wp\/v2\/posts"}],"about":[{"href":"https:\/\/diarioregionaldigital.com.br\/index.php?rest_route=\/wp\/v2\/types\/post"}],"author":[{"embeddable":true,"href":"https:\/\/diarioregionaldigital.com.br\/index.php?rest_route=\/wp\/v2\/users\/96"}],"replies":[{"embeddable":true,"href":"https:\/\/diarioregionaldigital.com.br\/index.php?rest_route=%2Fwp%2Fv2%2Fcomments&post=85744"}],"version-history":[{"count":0,"href":"https:\/\/diarioregionaldigital.com.br\/index.php?rest_route=\/wp\/v2\/posts\/85744\/revisions"}],"wp:featuredmedia":[{"embeddable":true,"href":"https:\/\/diarioregionaldigital.com.br\/index.php?rest_route=\/wp\/v2\/media\/85743"}],"wp:attachment":[{"href":"https:\/\/diarioregionaldigital.com.br\/index.php?rest_route=%2Fwp%2Fv2%2Fmedia&parent=85744"}],"wp:term":[{"taxonomy":"category","embeddable":true,"href":"https:\/\/diarioregionaldigital.com.br\/index.php?rest_route=%2Fwp%2Fv2%2Fcategories&post=85744"},{"taxonomy":"post_tag","embeddable":true,"href":"https:\/\/diarioregionaldigital.com.br\/index.php?rest_route=%2Fwp%2Fv2%2Ftags&post=85744"}],"curies":[{"name":"wp","href":"https:\/\/api.w.org\/{rel}","templated":true}]}}