{"id":85740,"date":"2017-11-21T22:12:16","date_gmt":"2017-11-22T00:12:16","guid":{"rendered":"http:\/\/diarioregionaljf.com.br\/2017\/11\/21\/policia-civil-apreende-suspeito-de-matar-gravida-e-assaltar-funcionarios-de-igreja-evangelica\/"},"modified":"2017-11-21T22:12:16","modified_gmt":"2017-11-22T00:12:16","slug":"policia-civil-apreende-suspeito-de-matar-gravida-e-assaltar-funcionarios-de-igreja-evangelica","status":"publish","type":"post","link":"https:\/\/diarioregionaldigital.com.br\/?p=85740","title":{"rendered":"Pol\u00edcia Civil apreende suspeito de matar gr\u00e1vida e assaltar funcion\u00e1rios de igreja evang\u00e9lica"},"content":{"rendered":"<p>Um adolescente de 16 anos, suspeito do homic\u00eddio de uma gr\u00e1vida de 26 anos e autor de um roubo \u00e0 dois funcion\u00e1rios de uma igreja evang\u00e9lica, ambos os crimes cometidos no bairro Santa Terezinha, regi\u00e3o Nordeste de Juiz de Fora, foi apreendido pela Pol\u00edcia Civil na tarde dessa ter\u00e7a-feira, 21.<\/p>\n<p>\u201cA equipe de homic\u00eddios, chefiada pelo inspetor Gibi, estava monitorando [o suspeito] desde segunda-feira, mas a gente j\u00e1 tinha algumas informa\u00e7\u00f5es no final de semana, inclusive do local onde ele estava escondido\u201d, relatou o titular da Delegacia Especializada de Homic\u00eddios (DEH), Rodrigo Rolli.<\/p>\n<p>Os policiais tentaram efetivar a pris\u00e3o do adolescente na tarde dessa segunda-feira, 20, por\u00e9m ele n\u00e3o foi encontrado no local, pois tinha sa\u00eddo para pegar a arma utilizada no homic\u00eddio e cometeu o assalto na igreja. \u201cContinuamos o monitoramento dele e sab\u00edamos que ele estava escondido na casa de uma namorada no bairro Santa Rita. Com base nessa informa\u00e7\u00e3o, fomos at\u00e9 o local e efetuamos a pris\u00e3o\u201d, acrescentou.<\/p>\n<p>&nbsp;<\/p>\n<h4>OS CRIMES<\/h4>\n<p>Na tarde de sexta-feira, 17, o adolescente foi at\u00e9 a resid\u00eancia da mulher gr\u00e1vida, que era sua vizinha, e a atingiu com um tiro na cabe\u00e7a. Em seguida, ele ainda teria disparado na dire\u00e7\u00e3o do companheiro dela, que n\u00e3o foi atingido. A equipe do Servi\u00e7o de Atendimento M\u00f3vel de Urg\u00eancia (Samu) realizou o parto e o beb\u00ea foi encaminhado \u00e0 Maternidade Therezinha de Jesus.<\/p>\n<p>Na ocasi\u00e3o, o companheiro da v\u00edtima relatou que o crime teria sido motivado por desentendimentos anteriores entre as partes e que, por encontrar-se preso por algum tempo, n\u00e3o saberia informar as raz\u00f5es exatas.<\/p>\n<p>Na segunda-feira, 20, o adolescente, armado, roubou os celulares de dois funcion\u00e1rios de uma igreja evang\u00e9lica. Ele teria ido ao local para pegar a arma de fogo utilizada no homic\u00eddio.<\/p>\n<p>\u201cDurante o depoimento, ele confessou os dois crimes. Sobre o homic\u00eddio, ele alega que na verdade ele queria matar o companheiro da v\u00edtima por quest\u00f5es do tr\u00e1fico de drogas\u201d, afirmou o delegado.<\/p>\n<p>&nbsp;<\/p>\n<h4>HIST\u00d3RICO<\/h4>\n<p>Al\u00e9m dos dois crimes, o adolescente possui um hist\u00f3rico criminal, sendo que o mesmo j\u00e1 foi acautelado duas vezes no estado do Rio de Janeiro, em Belford Roxo e na Ilha do Governador. \u201cEle j\u00e1 tentou matar um policial militar e a esposa de outro policial, em momentos diferentes. Ali\u00e1s, ele tamb\u00e9m est\u00e1 envolvido em um roubo em um shopping\u201d, relatou Rolli, que informou que os crimes foram cometidos na capital fluminense.<\/p>\n<p>Ap\u00f3s os acautelamentos, o menor veio morar em Juiz de Fora. Em oitiva, ele confessou a tentativa de assassinato de um taxista de 58 anos, pr\u00f3ximo a um supermercado no bairro Santa Terezinha, em abril de 2015. \u201cEntramos em contato com a Vara da Inf\u00e2ncia e da Juventude e o promotor est\u00e1 aguardando. Vamos realizar o exame de corpo de delito e encaminh\u00e1-lo para Vara\u201d, disse o delegado.<\/p>\n<p>At\u00e9 o momento da realiza\u00e7\u00e3o da coletiva de imprensa, o adolescente n\u00e3o tinha informado a localiza\u00e7\u00e3o da arma de fogo utilizada no homic\u00eddio.<\/p>\n","protected":false},"excerpt":{"rendered":"<p>Um adolescente de 16 anos, suspeito do homic\u00eddio de uma gr\u00e1vida de 26 anos e autor de um roubo \u00e0 dois funcion\u00e1rios de uma igreja evang\u00e9lica, ambos os crimes cometidos no bairro Santa Terezinha, regi\u00e3o Nordeste de Juiz de Fora, foi apreendido pela Pol\u00edcia Civil na tarde dessa ter\u00e7a-feira, 21. \u201cA equipe de homic\u00eddios, chefiada [&hellip;]<\/p>\n","protected":false},"author":96,"featured_media":85739,"comment_status":"closed","ping_status":"closed","sticky":false,"template":"","format":"standard","meta":{"footnotes":""},"categories":[253],"tags":[],"class_list":["post-85740","post","type-post","status-publish","format-standard","has-post-thumbnail","hentry","category-cidade"],"_links":{"self":[{"href":"https:\/\/diarioregionaldigital.com.br\/index.php?rest_route=\/wp\/v2\/posts\/85740","targetHints":{"allow":["GET"]}}],"collection":[{"href":"https:\/\/diarioregionaldigital.com.br\/index.php?rest_route=\/wp\/v2\/posts"}],"about":[{"href":"https:\/\/diarioregionaldigital.com.br\/index.php?rest_route=\/wp\/v2\/types\/post"}],"author":[{"embeddable":true,"href":"https:\/\/diarioregionaldigital.com.br\/index.php?rest_route=\/wp\/v2\/users\/96"}],"replies":[{"embeddable":true,"href":"https:\/\/diarioregionaldigital.com.br\/index.php?rest_route=%2Fwp%2Fv2%2Fcomments&post=85740"}],"version-history":[{"count":0,"href":"https:\/\/diarioregionaldigital.com.br\/index.php?rest_route=\/wp\/v2\/posts\/85740\/revisions"}],"wp:featuredmedia":[{"embeddable":true,"href":"https:\/\/diarioregionaldigital.com.br\/index.php?rest_route=\/wp\/v2\/media\/85739"}],"wp:attachment":[{"href":"https:\/\/diarioregionaldigital.com.br\/index.php?rest_route=%2Fwp%2Fv2%2Fmedia&parent=85740"}],"wp:term":[{"taxonomy":"category","embeddable":true,"href":"https:\/\/diarioregionaldigital.com.br\/index.php?rest_route=%2Fwp%2Fv2%2Fcategories&post=85740"},{"taxonomy":"post_tag","embeddable":true,"href":"https:\/\/diarioregionaldigital.com.br\/index.php?rest_route=%2Fwp%2Fv2%2Ftags&post=85740"}],"curies":[{"name":"wp","href":"https:\/\/api.w.org\/{rel}","templated":true}]}}