{"id":85738,"date":"2017-11-21T20:37:31","date_gmt":"2017-11-21T22:37:31","guid":{"rendered":"http:\/\/diarioregionaljf.com.br\/2017\/11\/21\/olha-so-11\/"},"modified":"2017-11-21T20:37:31","modified_gmt":"2017-11-21T22:37:31","slug":"olha-so-11","status":"publish","type":"post","link":"https:\/\/diarioregionaldigital.com.br\/?p=85738","title":{"rendered":"Olha s\u00f3"},"content":{"rendered":"<p style=\"text-align: center;\"><span class=\"h4\">Gastronomia<\/span><br \/>Os alunos do 4\u00ba per\u00edodo do curso de Tecnologia em Gastronomia do CES\/JF promoveram uma atividade pr\u00e1tica de conclus\u00e3o da disciplina Eventos Gastron\u00f4micos, ministrada pela professora Jana\u00edna Cardoso. Os alunos do noturno fizeram um jantar com a tem\u00e1tica \u201cNoite Carioca\u201d. O jantar tem\u00e1tico reverenciou o Rio de Janeiro e teve at\u00e9 casal dan\u00e7ando gafieira.<\/p>\n<p style=\"text-align: center;\"><span class=\"h4\">Na Serra<\/span><br \/>Foi at\u00e9 o dia 20 de novembro a 17\u00aa edi\u00e7\u00e3o do Petr\u00f3polis Gourmet. Para 2017, o principal evento de gastronomia da Serra Fluminense contou com 45 restaurantes participantes, espalhados pelos diversos bairros e distritos do munic\u00edpio. O tema deste ano foi \u201cDe Volta as Origens\u201d.<\/p>\n<p style=\"text-align: center;\"><span class=\"h4\">Olha s\u00f3<\/span><br \/>A ministra Luislinda Valois, que evocou a escravid\u00e3o para pleitear vencimentos de R$61,4 mil, vive outro dilema com a Lei \u00c1urea. Achou abandonadas, no Minist\u00e9rio dos Direitos Humanos, 63 medalhas de bronze alusivas aos 120 anos da Aboli\u00e7\u00e3o da Escravatura, comemorados em 2008. Pediu para investigar a origem das condecora\u00e7\u00f5es.<\/p>\n<p style=\"text-align: center;\"><span class=\"h4\">Fumac\u00ea<\/span><br \/>O Papa Francisco determinou a proibi\u00e7\u00e3o da venda de cigarros no Vaticano, a partir do ano que vem, devido aos problemas de sa\u00fade associados ao tabagismo. Ele destacou que a sa\u00fade das pessoas \u00e9 importante e lembrou os dados da Organiza\u00e7\u00e3o Mundial da Sa\u00fade (OMS) que atribui ao fumo a morte de 7 milh\u00f5es de pessoas por ano.<\/p>\n<p style=\"text-align: center;\"><img decoding=\"async\" class=\" size-full wp-image-85724\" src=\"http:\/\/diarioregionaljf.com.br\/wp-content\/uploads\/2017\/11\/diario-int-21440-1.JPG\" alt=\"FOTOA.JPG\" width=\"680\" style=\"display: block; margin-left: auto; margin-right: auto;\" srcset=\"https:\/\/diarioregionaldigital.com.br\/wp-content\/uploads\/2017\/11\/diario-int-21440-1.JPG 680w, https:\/\/diarioregionaldigital.com.br\/wp-content\/uploads\/2017\/11\/diario-int-21440-1-300x199.jpg 300w, https:\/\/diarioregionaldigital.com.br\/wp-content\/uploads\/2017\/11\/diario-int-21440-1-360x238.jpg 360w\" sizes=\"(max-width: 680px) 100vw, 680px\" \/>Festejando 40 anos da Tecol e recebendo o evento GBrasil de Contabilidade no dias 23 e 24 no Premier Parc Hotel, o empres\u00e1rio C\u00e9lio Faria de Paula em&nbsp;foto com sua mulher M\u00e1rcia Giotti de Paula<\/p>\n<p style=\"text-align: center;\"><img decoding=\"async\" class=\" size-full wp-image-85725\" src=\"http:\/\/diarioregionaljf.com.br\/wp-content\/uploads\/2017\/11\/diario-int-21440-2.JPG\" alt=\"FOTOB.JPG\" width=\"680\" style=\"display: block; margin-left: auto; margin-right: auto;\" srcset=\"https:\/\/diarioregionaldigital.com.br\/wp-content\/uploads\/2017\/11\/diario-int-21440-2.JPG 680w, https:\/\/diarioregionaldigital.com.br\/wp-content\/uploads\/2017\/11\/diario-int-21440-2-300x199.jpg 300w, https:\/\/diarioregionaldigital.com.br\/wp-content\/uploads\/2017\/11\/diario-int-21440-2-360x238.jpg 360w\" sizes=\"(max-width: 680px) 100vw, 680px\" \/>Gente querida da sociedade, Jos\u00e9 Braz Halfeld, Eny Halfeld e J\u00falio Halfeld<\/p>\n<p style=\"text-align: center;\"><img decoding=\"async\" class=\" size-full wp-image-85726\" src=\"http:\/\/diarioregionaljf.com.br\/wp-content\/uploads\/2017\/11\/diario-int-21440-3.jpg\" alt=\"FOTOC.jpg\" width=\"680\" style=\"display: block; margin-left: auto; margin-right: auto;\" srcset=\"https:\/\/diarioregionaldigital.com.br\/wp-content\/uploads\/2017\/11\/diario-int-21440-3.jpg 680w, https:\/\/diarioregionaldigital.com.br\/wp-content\/uploads\/2017\/11\/diario-int-21440-3-266x300.jpg 266w, https:\/\/diarioregionaldigital.com.br\/wp-content\/uploads\/2017\/11\/diario-int-21440-3-360x407.jpg 360w\" sizes=\"(max-width: 680px) 100vw, 680px\" \/>No Forum da Cultura, M\u00f4nica Gomide Guimar\u00e3es, Nequitz Miguel e Gra\u00e7a Loures<\/p>\n<p style=\"text-align: center;\"><img decoding=\"async\" class=\" size-full wp-image-85727\" src=\"http:\/\/diarioregionaljf.com.br\/wp-content\/uploads\/2017\/11\/diario-int-21440-4.jpg\" alt=\"FOTOD.jpg\" width=\"680\" style=\"display: block; margin-left: auto; margin-right: auto;\" srcset=\"https:\/\/diarioregionaldigital.com.br\/wp-content\/uploads\/2017\/11\/diario-int-21440-4.jpg 680w, https:\/\/diarioregionaldigital.com.br\/wp-content\/uploads\/2017\/11\/diario-int-21440-4-300x198.jpg 300w, https:\/\/diarioregionaldigital.com.br\/wp-content\/uploads\/2017\/11\/diario-int-21440-4-360x238.jpg 360w\" sizes=\"(max-width: 680px) 100vw, 680px\" \/>Na Casinha 649, Let\u00edcia Teixeira Machado, L\u00edvia Torres e Alessandra Brun<\/p>\n<p style=\"text-align: center;\"><img decoding=\"async\" class=\" size-full wp-image-85728\" src=\"http:\/\/diarioregionaljf.com.br\/wp-content\/uploads\/2017\/11\/diario-int-21440-5.jpg\" alt=\"FOTOE.jpg\" width=\"680\" style=\"display: block; margin-left: auto; margin-right: auto;\" srcset=\"https:\/\/diarioregionaldigital.com.br\/wp-content\/uploads\/2017\/11\/diario-int-21440-5.jpg 680w, https:\/\/diarioregionaldigital.com.br\/wp-content\/uploads\/2017\/11\/diario-int-21440-5-300x173.jpg 300w, https:\/\/diarioregionaldigital.com.br\/wp-content\/uploads\/2017\/11\/diario-int-21440-5-250x145.jpg 250w, https:\/\/diarioregionaldigital.com.br\/wp-content\/uploads\/2017\/11\/diario-int-21440-5-360x207.jpg 360w\" sizes=\"(max-width: 680px) 100vw, 680px\" \/>Na Resenha dos M\u00fasicos, os artes\u00e3os-gourmet, Ant\u00f4nio P\u00e1dua Jun\u00e3o e Luiz Oliveira<\/p>\n<p style=\"text-align: center;\"><img decoding=\"async\" class=\" size-full wp-image-85729\" src=\"http:\/\/diarioregionaljf.com.br\/wp-content\/uploads\/2017\/11\/diario-int-21440-6.jpg\" alt=\"FOTOF.jpg\" width=\"680\" style=\"display: block; margin-left: auto; margin-right: auto;\" srcset=\"https:\/\/diarioregionaldigital.com.br\/wp-content\/uploads\/2017\/11\/diario-int-21440-6.jpg 680w, https:\/\/diarioregionaldigital.com.br\/wp-content\/uploads\/2017\/11\/diario-int-21440-6-300x199.jpg 300w, https:\/\/diarioregionaldigital.com.br\/wp-content\/uploads\/2017\/11\/diario-int-21440-6-360x238.jpg 360w\" sizes=\"(max-width: 680px) 100vw, 680px\" \/>No Terrazzo, Cleyton Assis, Elir Andrade e Carina Barros<\/p>\n<p style=\"text-align: center;\"><img decoding=\"async\" class=\" size-full wp-image-85730\" src=\"http:\/\/diarioregionaljf.com.br\/wp-content\/uploads\/2017\/11\/diario-int-21440-7.jpg\" alt=\"FOTOG.jpg\" width=\"680\" style=\"display: block; margin-left: auto; margin-right: auto;\" srcset=\"https:\/\/diarioregionaldigital.com.br\/wp-content\/uploads\/2017\/11\/diario-int-21440-7.jpg 680w, https:\/\/diarioregionaldigital.com.br\/wp-content\/uploads\/2017\/11\/diario-int-21440-7-300x199.jpg 300w, https:\/\/diarioregionaldigital.com.br\/wp-content\/uploads\/2017\/11\/diario-int-21440-7-360x238.jpg 360w\" sizes=\"(max-width: 680px) 100vw, 680px\" \/>No Rio de Janeiro, os talentosos Daniell de Mattos e Gilberto Gil<\/p>\n<p style=\"text-align: center;\"><img decoding=\"async\" class=\" size-full wp-image-85731\" src=\"http:\/\/diarioregionaljf.com.br\/wp-content\/uploads\/2017\/11\/diario-int-21440-8.jpg\" alt=\"FOTOH.jpg\" width=\"680\" style=\"display: block; margin-left: auto; margin-right: auto;\" srcset=\"https:\/\/diarioregionaldigital.com.br\/wp-content\/uploads\/2017\/11\/diario-int-21440-8.jpg 680w, https:\/\/diarioregionaldigital.com.br\/wp-content\/uploads\/2017\/11\/diario-int-21440-8-300x199.jpg 300w, https:\/\/diarioregionaldigital.com.br\/wp-content\/uploads\/2017\/11\/diario-int-21440-8-360x238.jpg 360w\" sizes=\"(max-width: 680px) 100vw, 680px\" \/>No \u2018Privilage\u2019, Orne\u00eddes Lima e Eduardo Gomes<\/p>\n<p style=\"text-align: center;\"><img decoding=\"async\" class=\" size-full wp-image-85732\" src=\"http:\/\/diarioregionaljf.com.br\/wp-content\/uploads\/2017\/11\/diario-int-21440-9.jpg\" alt=\"FOTOI.jpg\" width=\"680\" style=\"display: block; margin-left: auto; margin-right: auto;\" srcset=\"https:\/\/diarioregionaldigital.com.br\/wp-content\/uploads\/2017\/11\/diario-int-21440-9.jpg 680w, https:\/\/diarioregionaldigital.com.br\/wp-content\/uploads\/2017\/11\/diario-int-21440-9-300x199.jpg 300w, https:\/\/diarioregionaldigital.com.br\/wp-content\/uploads\/2017\/11\/diario-int-21440-9-360x238.jpg 360w\" sizes=\"(max-width: 680px) 100vw, 680px\" \/>Na Casinha 649, Adriana e Gabriela Drummond<\/p>\n<p style=\"text-align: center;\"><img decoding=\"async\" class=\" size-full wp-image-85733\" src=\"http:\/\/diarioregionaljf.com.br\/wp-content\/uploads\/2017\/11\/diario-int-21440-10.jpg\" alt=\"FOTOJ.jpg\" width=\"680\" style=\"display: block; margin-left: auto; margin-right: auto;\" srcset=\"https:\/\/diarioregionaldigital.com.br\/wp-content\/uploads\/2017\/11\/diario-int-21440-10.jpg 680w, https:\/\/diarioregionaldigital.com.br\/wp-content\/uploads\/2017\/11\/diario-int-21440-10-300x199.jpg 300w, https:\/\/diarioregionaldigital.com.br\/wp-content\/uploads\/2017\/11\/diario-int-21440-10-360x238.jpg 360w\" sizes=\"(max-width: 680px) 100vw, 680px\" \/>Fazendo social, Myrliane Le\u00e3o<\/p>\n<p style=\"text-align: center;\"><img decoding=\"async\" class=\" size-full wp-image-85734\" src=\"http:\/\/diarioregionaljf.com.br\/wp-content\/uploads\/2017\/11\/diario-int-21440-11.jpg\" alt=\"FOTOL.jpg\" width=\"680\" style=\"display: block; margin-left: auto; margin-right: auto;\" srcset=\"https:\/\/diarioregionaldigital.com.br\/wp-content\/uploads\/2017\/11\/diario-int-21440-11.jpg 680w, https:\/\/diarioregionaldigital.com.br\/wp-content\/uploads\/2017\/11\/diario-int-21440-11-300x232.jpg 300w, https:\/\/diarioregionaldigital.com.br\/wp-content\/uploads\/2017\/11\/diario-int-21440-11-360x278.jpg 360w\" sizes=\"(max-width: 680px) 100vw, 680px\" \/>Em Ub\u00e1, o arquiteto Lucas Lorhan<\/p>\n<p style=\"text-align: center;\"><img decoding=\"async\" class=\" size-full wp-image-85735\" src=\"http:\/\/diarioregionaljf.com.br\/wp-content\/uploads\/2017\/11\/diario-int-21440-12.jpg\" alt=\"FOTOM.jpg\" width=\"680\" style=\"display: block; margin-left: auto; margin-right: auto;\" srcset=\"https:\/\/diarioregionaldigital.com.br\/wp-content\/uploads\/2017\/11\/diario-int-21440-12.jpg 680w, https:\/\/diarioregionaldigital.com.br\/wp-content\/uploads\/2017\/11\/diario-int-21440-12-300x199.jpg 300w, https:\/\/diarioregionaldigital.com.br\/wp-content\/uploads\/2017\/11\/diario-int-21440-12-360x238.jpg 360w\" sizes=\"(max-width: 680px) 100vw, 680px\" \/>O estilista Guhnm Green, em foco<\/p>\n<p style=\"text-align: center;\"><img decoding=\"async\" class=\" size-full wp-image-85736\" src=\"http:\/\/diarioregionaljf.com.br\/wp-content\/uploads\/2017\/11\/diario-int-21440-13.JPG\" alt=\"FOTON.JPG\" width=\"680\" style=\"display: block; margin-left: auto; margin-right: auto;\" srcset=\"https:\/\/diarioregionaldigital.com.br\/wp-content\/uploads\/2017\/11\/diario-int-21440-13.JPG 680w, https:\/\/diarioregionaldigital.com.br\/wp-content\/uploads\/2017\/11\/diario-int-21440-13-300x199.jpg 300w, https:\/\/diarioregionaldigital.com.br\/wp-content\/uploads\/2017\/11\/diario-int-21440-13-360x238.jpg 360w\" sizes=\"(max-width: 680px) 100vw, 680px\" \/>No Card\u00e1pio Mineiro, Liliane Gonzaga e Edimar Augusto<\/p>\n<p style=\"text-align: center;\"><img decoding=\"async\" class=\" size-full wp-image-85737\" src=\"http:\/\/diarioregionaljf.com.br\/wp-content\/uploads\/2017\/11\/diario-int-21440-14.jpg\" alt=\"FOTOO.jpg\" width=\"680\" style=\"display: block; margin-left: auto; margin-right: auto;\" srcset=\"https:\/\/diarioregionaldigital.com.br\/wp-content\/uploads\/2017\/11\/diario-int-21440-14.jpg 680w, https:\/\/diarioregionaldigital.com.br\/wp-content\/uploads\/2017\/11\/diario-int-21440-14-300x199.jpg 300w, https:\/\/diarioregionaldigital.com.br\/wp-content\/uploads\/2017\/11\/diario-int-21440-14-360x238.jpg 360w\" sizes=\"(max-width: 680px) 100vw, 680px\" \/>Em noite social, Ana Maria Studart e o filho Jo\u00e3o Studart Kotsubo<\/p>\n<p class=\"h4\" style=\"text-align: center;\">FOTOSS\u00cdNTESE<\/p>\n<p>Vai ser em grande estilo no Premier Parc Hotel a realiza\u00e7\u00e3o do Quadrag\u00e9simo Oitavo Encontro G Brasil \u2013 Grupo de Empresas de Contabilidade nos dias 23 e 24 de novembro. A chancela \u00e9 da Tecol Contabilidade e a abertura ter\u00e1 a presen\u00e7a do prefeito Bruno Siqueira.<\/p>\n<p>Para o dia 23 de novembro, \u00e0s 20h, o Espa\u00e7o Excalibur vai apresentar o Especial de Jazz com os talentosos Marcelo Souza, Jussara Sarmento, Adalberto Silva e Gladston Simas Vieira. Reservas Pelo fone: 3211-0373.<\/p>\n<p>O gourmet artesanal Ant\u00f4nio P\u00e1dua Jun\u00e3o estar\u00e1 ministrando um Curso de Ceia Natalina com del\u00edcias tipo molho de laranja, empad\u00e3o de frango cremoso, torta Romeu e Julieta, Cheseecake de frutas e muito mais. Ser\u00e1 no Multi-Espa\u00e7o, nos dias 11, 12 e 13 de dezembro, na Av. Rio Branco, 3053 &#8211; 16\u00ba andar. Haver\u00e1 degusta\u00e7\u00e3o e apostilas. Informa\u00e7\u00f5es, Whatsapp: 32 &#8211; 99168-8529.<\/p>\n<p>A bel\u00edssima J\u00falia Horta est\u00e1 na Mal\u00e1sia, onde disputa o Concurso Internacional Miss Tourism INTL, representando o Brasil.<\/p>\n<p>Aten\u00e7\u00e3o: o Novembro Azul atrav\u00e9s de pesquisa revela que homens precisam cuidar mais da sa\u00fade.<\/p>\n<p>Com preg\u00e3o no dia 29, processo vai escolher empresa que ficar\u00e1 respons\u00e1vel por administrar o Aeroporto da Serrinha.<\/p>\n<p>No dia 9 de dezembro, \u00e0s 22h, o Terrazzo recebe o monumental show de Zez\u00e9 de Camargo &amp; Luciano e a diva Mar\u00edlia Mendon\u00e7a. A promo\u00e7\u00e3o \u00e9 da Imp\u00e9rio by Jo\u00e3o Wellington.<\/p>\n<p>Fernando Cunha em parceria com o Hotel Green Hill agendou para o dia 27 de janeiro uma noite muito especial com a Marrom Alcione.<\/p>\n<p>Agendado para 4\u00aa feira, 22, no Sal\u00e3o do F\u00e1tima Buffet, sorteio de pr\u00eamios para a constru\u00e7\u00e3o da Igreja de S\u00e3o Charbel.<\/p>\n<p>Diretor do Museu Mariano Proc\u00f3pio, Ant\u00f4nio Carlos Duarte, lan\u00e7ou no sagu\u00e3o do Cine-Theatro Central seu 3\u00ba livro com o tema Arquitetura de Juiz de Fora.<\/p>\n<p>Para interagir: \u201cPrimeiro saiba quem voc\u00ea \u00e9 depois enfeite-se de acordo\u201d. (Epicteto). Bom dia.<\/p>\n","protected":false},"excerpt":{"rendered":"<p>GastronomiaOs alunos do 4\u00ba per\u00edodo do curso de Tecnologia em Gastronomia do CES\/JF promoveram uma atividade pr\u00e1tica de conclus\u00e3o da disciplina Eventos Gastron\u00f4micos, ministrada pela professora Jana\u00edna Cardoso. Os alunos do noturno fizeram um jantar com a tem\u00e1tica \u201cNoite Carioca\u201d. O jantar tem\u00e1tico reverenciou o Rio de Janeiro e teve at\u00e9 casal dan\u00e7ando gafieira. Na [&hellip;]<\/p>\n","protected":false},"author":96,"featured_media":85723,"comment_status":"closed","ping_status":"closed","sticky":false,"template":"","format":"standard","meta":{"footnotes":""},"categories":[264],"tags":[],"class_list":["post-85738","post","type-post","status-publish","format-standard","has-post-thumbnail","hentry","category-eduardo-gomes"],"_links":{"self":[{"href":"https:\/\/diarioregionaldigital.com.br\/index.php?rest_route=\/wp\/v2\/posts\/85738","targetHints":{"allow":["GET"]}}],"collection":[{"href":"https:\/\/diarioregionaldigital.com.br\/index.php?rest_route=\/wp\/v2\/posts"}],"about":[{"href":"https:\/\/diarioregionaldigital.com.br\/index.php?rest_route=\/wp\/v2\/types\/post"}],"author":[{"embeddable":true,"href":"https:\/\/diarioregionaldigital.com.br\/index.php?rest_route=\/wp\/v2\/users\/96"}],"replies":[{"embeddable":true,"href":"https:\/\/diarioregionaldigital.com.br\/index.php?rest_route=%2Fwp%2Fv2%2Fcomments&post=85738"}],"version-history":[{"count":0,"href":"https:\/\/diarioregionaldigital.com.br\/index.php?rest_route=\/wp\/v2\/posts\/85738\/revisions"}],"wp:featuredmedia":[{"embeddable":true,"href":"https:\/\/diarioregionaldigital.com.br\/index.php?rest_route=\/wp\/v2\/media\/85723"}],"wp:attachment":[{"href":"https:\/\/diarioregionaldigital.com.br\/index.php?rest_route=%2Fwp%2Fv2%2Fmedia&parent=85738"}],"wp:term":[{"taxonomy":"category","embeddable":true,"href":"https:\/\/diarioregionaldigital.com.br\/index.php?rest_route=%2Fwp%2Fv2%2Fcategories&post=85738"},{"taxonomy":"post_tag","embeddable":true,"href":"https:\/\/diarioregionaldigital.com.br\/index.php?rest_route=%2Fwp%2Fv2%2Ftags&post=85738"}],"curies":[{"name":"wp","href":"https:\/\/api.w.org\/{rel}","templated":true}]}}