{"id":85720,"date":"2017-11-21T20:35:19","date_gmt":"2017-11-21T22:35:19","guid":{"rendered":"http:\/\/diarioregionaljf.com.br\/2017\/11\/21\/prf-orienta-condutores-como-dirigir-com-seguranca-em-dias-chuvosos\/"},"modified":"2017-11-21T20:35:19","modified_gmt":"2017-11-21T22:35:19","slug":"prf-orienta-condutores-como-dirigir-com-seguranca-em-dias-chuvosos","status":"publish","type":"post","link":"https:\/\/diarioregionaldigital.com.br\/?p=85720","title":{"rendered":"PRF orienta condutores como dirigir com seguran\u00e7a em dias chuvosos"},"content":{"rendered":"<p>O tempo inst\u00e1vel que marcou os \u00faltimos dias continua at\u00e9 o fim da semana. Em dias de chuva, a aten\u00e7\u00e3o deve ser ainda maior na hora de dirigir, especialmente para os que trafegam em rodovias. De acordo com o chefe do N\u00facleo de Policiamento e Fiscaliza\u00e7\u00e3o da Pol\u00edcia Rodovi\u00e1ria Federal (PRF) em Juiz de Fora, Leonardo Facio, durante e ap\u00f3s a chuva, quando a pista ainda estiver molhada, \u00e9 recomend\u00e1vel redobrar a aten\u00e7\u00e3o e reduzir a velocidade. \u201cTamb\u00e9m \u00e9 important\u00edssimo que o sistema de ilumina\u00e7\u00e3o e sinaliza\u00e7\u00e3o do ve\u00edculo esteja funcionando perfeitamente, assim como os limpadores de para-brisa, que devem estar com palhetas novas\u201d, afirma.<\/p>\n<p>A manuten\u00e7\u00e3o do ve\u00edculo deve estar em dia, especialmente o estado dos pneus. \u201cS\u00e3o eles que proporcionam ader\u00eancia ao solo, portanto seu estado de conserva\u00e7\u00e3o deve ser observado pelos motoristas, que devem estar sempre atentos \u00e0 calibragem, conforme orienta\u00e7\u00f5es do fabricante do autom\u00f3vel. Todos os itens de seguran\u00e7a, equipamentos obrigat\u00f3rios e itens de revis\u00e3o devem ser periodicamente verificados, proporcionando seguran\u00e7a nas viagens\u201d, refor\u00e7a.<\/p>\n<p>Em caso de chuva muito forte \u00e9 aconselh\u00e1vel parar o carro e esperar. \u201cSe o condutor, devido \u00e0 redu\u00e7\u00e3o da visibilidade, n\u00e3o estiver confiante para prosseguir, \u00e9 aconselh\u00e1vel que pare, sempre em um local onde n\u00e3o haja risco de acidentes. Por isso, aconselhamos que a parada seja feita em locais seguros, como postos de gasolina, unidades da PRF e outros. O acostamento n\u00e3o deve ser utilizado nessas situa\u00e7\u00f5es, pois h\u00e1 risco de colis\u00f5es\u201d, orienta Facio.<\/p>\n<p>Ele lembra que o uso do cinto de seguran\u00e7a \u00e9 obrigat\u00f3rio para todosos ocupantes do ve\u00edculo, bem como os dispositivos de reten\u00e7\u00e3o para as crian\u00e7as, com ou sem chuva. Ainda de acordo com Facio, o pisca-alerta n\u00e3o deve ser utilizado por ve\u00edculos em movimento. \u201cLembrando tamb\u00e9m que o farol baixo deve ser utilizado sempre. Com a velocidade reduzida e pneus em bom estado, dificilmente ocorrer\u00e1 aquaplanagem, que ocorre quando uma l\u00e2mina de \u00e1gua se coloca entre o asfalto e os pneus, provocando a perda de contato do carro com o solo. Ainda assim, caso ocorra, recomenda-se que o motorista evite acionar os freios e mantenha a dire\u00e7\u00e3o firme\u201d, sugere.<\/p>\n<p><strong>Alguns cuidados em per\u00edodo chuvoso:<\/strong><\/p>\n<p>\u2013 Planeje o que fazer e sinalize todas as mudan\u00e7as de pistas.<\/p>\n<p>\u2013 N\u00e3o freie bruscamente sem necessidade.<\/p>\n<p>\u2013 N\u00e3o fa\u00e7a ultrapassagens perigosas.<\/p>\n<p>\u2013 Tome cuidado redobrado com os pedestres, pois quando a chuva come\u00e7a ocorre a t\u00edpica correria atr\u00e1s de abrigo.<\/p>\n<p>\u2013 Transitando por locais sem cal\u00e7amento, nas estradas de terra, tenha cautela com a velocidade. Com a lama, o ve\u00edculo vai precisar de mais espa\u00e7o de frenagem at\u00e9 conseguir se imobilizar.<\/p>\n","protected":false},"excerpt":{"rendered":"<p>O tempo inst\u00e1vel que marcou os \u00faltimos dias continua at\u00e9 o fim da semana. Em dias de chuva, a aten\u00e7\u00e3o deve ser ainda maior na hora de dirigir, especialmente para os que trafegam em rodovias. De acordo com o chefe do N\u00facleo de Policiamento e Fiscaliza\u00e7\u00e3o da Pol\u00edcia Rodovi\u00e1ria Federal (PRF) em Juiz de Fora, [&hellip;]<\/p>\n","protected":false},"author":96,"featured_media":0,"comment_status":"closed","ping_status":"closed","sticky":false,"template":"","format":"standard","meta":{"footnotes":""},"categories":[253],"tags":[],"class_list":["post-85720","post","type-post","status-publish","format-standard","hentry","category-cidade"],"_links":{"self":[{"href":"https:\/\/diarioregionaldigital.com.br\/index.php?rest_route=\/wp\/v2\/posts\/85720","targetHints":{"allow":["GET"]}}],"collection":[{"href":"https:\/\/diarioregionaldigital.com.br\/index.php?rest_route=\/wp\/v2\/posts"}],"about":[{"href":"https:\/\/diarioregionaldigital.com.br\/index.php?rest_route=\/wp\/v2\/types\/post"}],"author":[{"embeddable":true,"href":"https:\/\/diarioregionaldigital.com.br\/index.php?rest_route=\/wp\/v2\/users\/96"}],"replies":[{"embeddable":true,"href":"https:\/\/diarioregionaldigital.com.br\/index.php?rest_route=%2Fwp%2Fv2%2Fcomments&post=85720"}],"version-history":[{"count":0,"href":"https:\/\/diarioregionaldigital.com.br\/index.php?rest_route=\/wp\/v2\/posts\/85720\/revisions"}],"wp:attachment":[{"href":"https:\/\/diarioregionaldigital.com.br\/index.php?rest_route=%2Fwp%2Fv2%2Fmedia&parent=85720"}],"wp:term":[{"taxonomy":"category","embeddable":true,"href":"https:\/\/diarioregionaldigital.com.br\/index.php?rest_route=%2Fwp%2Fv2%2Fcategories&post=85720"},{"taxonomy":"post_tag","embeddable":true,"href":"https:\/\/diarioregionaldigital.com.br\/index.php?rest_route=%2Fwp%2Fv2%2Ftags&post=85720"}],"curies":[{"name":"wp","href":"https:\/\/api.w.org\/{rel}","templated":true}]}}