{"id":85719,"date":"2017-11-21T20:34:56","date_gmt":"2017-11-21T22:34:56","guid":{"rendered":"http:\/\/diarioregionaljf.com.br\/2017\/11\/21\/aprovado-relatorio-de-mp-que-antecipa-saques-das-contas-do-pis-pasep\/"},"modified":"2017-11-21T20:34:56","modified_gmt":"2017-11-21T22:34:56","slug":"aprovado-relatorio-de-mp-que-antecipa-saques-das-contas-do-pis-pasep","status":"publish","type":"post","link":"https:\/\/diarioregionaldigital.com.br\/?p=85719","title":{"rendered":"Aprovado relat\u00f3rio de MP que antecipa saques das contas do PIS\/Pasep"},"content":{"rendered":"<p>A comiss\u00e3o mista da Medida Provis\u00f3ria (MP) 797\/2017 aprovou nessa ter\u00e7a-feira, 21, o relat\u00f3rio do deputado Jo\u00e3o Campos (PRB-GO) sobre a mat\u00e9ria. A MP liberou o saque de contas do PIS\/Pasep para homens a partir de 65 anos e mulheres a partir dos 60 anos de idade. A mat\u00e9ria ainda ser\u00e1 votada nos Plen\u00e1rios da C\u00e2mara e do Senado. Em 18 de outubro, a MP teve o prazo de vig\u00eancia prorrogado por outros 60 dias.<\/p>\n<p>Antes da edi\u00e7\u00e3o da MP, em 23 de agosto, os recursos s\u00f3 podiam ser sacados quando a pessoa completasse 70 anos, conforme resolu\u00e7\u00e3o do Conselho Diretor do Fundo PIS-Pasep. O pagamento estabelecido pela MP teve in\u00edcio em outubro deste ano e vai at\u00e9 mar\u00e7o de 2018.<\/p>\n<p>A MP libera o saque para mulheres a partir dos 62 anos. Por\u00e9m, o relator acatou emenda do senador Paulo Paim (PT-RS), autorizando o saque aos 60 anos \u2014 a mesma idade m\u00ednima exigida hoje para a aposentadoria das mulheres pelo Regime Geral da Previd\u00eancia Social (RGPS).<\/p>\n<p>O texto tamb\u00e9m revoga dispositivo da Lei Complementar 26\/1975 que assegura aos cotistas, com renda at\u00e9 cinco sal\u00e1rios m\u00ednimos regionais, um dep\u00f3sito anual equivalente ao sal\u00e1rio m\u00ednimo regional. Segundo o governo, a Constitui\u00e7\u00e3o proibiu a distribui\u00e7\u00e3o dos recursos do fundo nas contas individuais dos participantes.<\/p>\n<p>Fonte: Ag\u00eancia Brasil<\/p>\n","protected":false},"excerpt":{"rendered":"<p>A comiss\u00e3o mista da Medida Provis\u00f3ria (MP) 797\/2017 aprovou nessa ter\u00e7a-feira, 21, o relat\u00f3rio do deputado Jo\u00e3o Campos (PRB-GO) sobre a mat\u00e9ria. A MP liberou o saque de contas do PIS\/Pasep para homens a partir de 65 anos e mulheres a partir dos 60 anos de idade. A mat\u00e9ria ainda ser\u00e1 votada nos Plen\u00e1rios da [&hellip;]<\/p>\n","protected":false},"author":96,"featured_media":85718,"comment_status":"closed","ping_status":"closed","sticky":false,"template":"","format":"standard","meta":{"footnotes":""},"categories":[254],"tags":[],"class_list":["post-85719","post","type-post","status-publish","format-standard","has-post-thumbnail","hentry","category-politica"],"_links":{"self":[{"href":"https:\/\/diarioregionaldigital.com.br\/index.php?rest_route=\/wp\/v2\/posts\/85719","targetHints":{"allow":["GET"]}}],"collection":[{"href":"https:\/\/diarioregionaldigital.com.br\/index.php?rest_route=\/wp\/v2\/posts"}],"about":[{"href":"https:\/\/diarioregionaldigital.com.br\/index.php?rest_route=\/wp\/v2\/types\/post"}],"author":[{"embeddable":true,"href":"https:\/\/diarioregionaldigital.com.br\/index.php?rest_route=\/wp\/v2\/users\/96"}],"replies":[{"embeddable":true,"href":"https:\/\/diarioregionaldigital.com.br\/index.php?rest_route=%2Fwp%2Fv2%2Fcomments&post=85719"}],"version-history":[{"count":0,"href":"https:\/\/diarioregionaldigital.com.br\/index.php?rest_route=\/wp\/v2\/posts\/85719\/revisions"}],"wp:featuredmedia":[{"embeddable":true,"href":"https:\/\/diarioregionaldigital.com.br\/index.php?rest_route=\/wp\/v2\/media\/85718"}],"wp:attachment":[{"href":"https:\/\/diarioregionaldigital.com.br\/index.php?rest_route=%2Fwp%2Fv2%2Fmedia&parent=85719"}],"wp:term":[{"taxonomy":"category","embeddable":true,"href":"https:\/\/diarioregionaldigital.com.br\/index.php?rest_route=%2Fwp%2Fv2%2Fcategories&post=85719"},{"taxonomy":"post_tag","embeddable":true,"href":"https:\/\/diarioregionaldigital.com.br\/index.php?rest_route=%2Fwp%2Fv2%2Ftags&post=85719"}],"curies":[{"name":"wp","href":"https:\/\/api.w.org\/{rel}","templated":true}]}}